{"id":17688,"date":"2025-10-06T16:41:51","date_gmt":"2025-10-06T22:41:51","guid":{"rendered":"https:\/\/www.ebc.mx\/ventana\/?p=17688"},"modified":"2025-10-06T16:41:51","modified_gmt":"2025-10-06T22:41:51","slug":"los-ceos-que-transforman-industrias","status":"publish","type":"post","link":"https:\/\/www.ebc.mx\/ventana\/los-ceos-que-transforman-industrias\/","title":{"rendered":"Liderazgo empresarial: c\u00f3mo piensan los CEOs que transforman industrias"},"content":{"rendered":"<p><b>Tiempo de lectura: 7 minutos<\/b><\/p>\n<p><span style=\"font-weight: 400\">El liderazgo empresarial en 2025 est\u00e1 marcado por un cambio profundo: los CEOs que transforman industrias ya no se enfocan \u00fanicamente en resultados financieros inmediatos, sino en construir <\/span><b>modelos sostenibles, innovadores y con impacto social<\/b><span style=\"font-weight: 400\">. Su mentalidad es distinta, y esa diferencia se refleja en la forma en que redefinen mercados completos.<\/span><\/p>\n<h2><b>La visi\u00f3n a largo plazo sobre el corto plazo<\/b><\/h2>\n<p><span style=\"font-weight: 400\">Los l\u00edderes m\u00e1s influyentes piensan m\u00e1s all\u00e1 de los reportes trimestrales. Comprenden que el verdadero valor de una organizaci\u00f3n est\u00e1 en su <\/span><b>capacidad de adaptarse al futuro<\/b><span style=\"font-weight: 400\">. Por eso invierten en innovaci\u00f3n tecnol\u00f3gica, formaci\u00f3n de talento y proyectos que generen ventajas competitivas sostenibles.<\/span><\/p>\n<p><span style=\"font-weight: 400\">Como se\u00f1ala la experiencia de programas acad\u00e9micos de la<\/span><a href=\"https:\/\/ebc.mx\/\"> <span style=\"font-weight: 400\">EBC<\/span><\/a><span style=\"font-weight: 400\">, los l\u00edderes del ma\u00f1ana necesitan entrenarse para tomar decisiones con visi\u00f3n estrat\u00e9gica y pensamiento cr\u00edtico.<\/span><\/p>\n<h2><b>La innovaci\u00f3n como eje central<\/b><\/h2>\n<p><span style=\"font-weight: 400\">En entornos cada vez m\u00e1s din\u00e1micos, los CEOs exitosos entienden que <\/span><b>la innovaci\u00f3n no es opcional, es la base del crecimiento<\/b><span style=\"font-weight: 400\">. Desde la integraci\u00f3n de inteligencia artificial hasta la digitalizaci\u00f3n de procesos, su pensamiento se centra en encontrar soluciones que aceleren la eficiencia y abran nuevas oportunidades de negocio.<\/span><\/p>\n<p><span style=\"font-weight: 400\">Un ejemplo claro es c\u00f3mo las industrias tradicionales \u2014como la banca o la log\u00edstica\u2014 est\u00e1n incorporando tecnolog\u00edas emergentes para reinventar su modelo de servicio.<\/span><\/p>\n<h2><b>Mentalidad global y adaptabilidad cultural<\/b><\/h2>\n<p><span style=\"font-weight: 400\">Otro rasgo clave es su <\/span><b>mentalidad global<\/b><span style=\"font-weight: 400\">. Estos l\u00edderes visualizan sus negocios m\u00e1s all\u00e1 de las fronteras nacionales y buscan que su organizaci\u00f3n se inserte en cadenas de valor internacionales.<\/span><\/p>\n<p><span style=\"font-weight: 400\">Al mismo tiempo, saben que el \u00e9xito global requiere <\/span><b>adaptabilidad cultural<\/b><span style=\"font-weight: 400\">, entendiendo las particularidades de cada mercado y formando equipos diversos que aporten distintas perspectivas.<\/span><\/p>\n<h2><b>Liderazgo basado en prop\u00f3sito<\/b><\/h2>\n<p><span style=\"font-weight: 400\">La nueva generaci\u00f3n de CEOs coloca el <\/span><b>prop\u00f3sito en el centro de la estrategia<\/b><span style=\"font-weight: 400\">. Esto significa que no solo dirigen para ganar participaci\u00f3n de mercado, sino para generar un impacto positivo en la sociedad.<\/span><\/p>\n<p><span style=\"font-weight: 400\">Hoy los consumidores y los inversionistas valoran compa\u00f1\u00edas que se preocupan por la sostenibilidad, la inclusi\u00f3n y la \u00e9tica corporativa. Por eso, un l\u00edder transformador debe ser tambi\u00e9n un narrador que conecte la misi\u00f3n de la empresa con la vida de las personas.<\/span><\/p>\n<h2><b>Decisiones respaldadas por datos, pero guiadas por intuici\u00f3n<\/b><\/h2>\n<p><span style=\"font-weight: 400\">Los CEOs que marcan tendencia equilibran el an\u00e1lisis cuantitativo con la <\/span><b>visi\u00f3n intuitiva<\/b><span style=\"font-weight: 400\">. Usan m\u00e9tricas, KPIs y anal\u00edtica avanzada para reducir incertidumbre, pero saben que la innovaci\u00f3n y la disrupci\u00f3n muchas veces requieren dar pasos audaces basados en confianza y experiencia.<\/span><\/p>\n<p><span style=\"font-weight: 400\">La<\/span><a href=\"https:\/\/ebc.mx\/licenciaturas\/administracion-de-empresas\"> <span style=\"font-weight: 400\">Licenciatura en Administraci\u00f3n de Empresas<\/span><\/a><span style=\"font-weight: 400\"> de la EBC, por ejemplo, enfatiza en formar l\u00edderes capaces de combinar l\u00f3gica de negocios con pensamiento creativo.<\/span><\/p>\n<h2><b>El factor humano como ventaja competitiva<\/b><\/h2>\n<p><span style=\"font-weight: 400\">Finalmente, estos l\u00edderes comprenden que las personas son el activo m\u00e1s valioso. Invierten en el desarrollo profesional de sus equipos, fomentan la colaboraci\u00f3n y construyen culturas organizacionales s\u00f3lidas. La manera en que piensan es cla<\/span><span style=\"font-weight: 400\">ra: <\/span><b>sin talento motivado, no hay transformaci\u00f3n posible<\/b><span style=\"font-weight: 400\">.<\/span><\/p>\n<p>&nbsp;<\/p>\n","protected":false},"excerpt":{"rendered":"<p>Tiempo de lectura: 7 minutos El liderazgo empresarial en 2025 est\u00e1 marcado por un cambio profundo: los CEOs que transforman industrias ya no se enfocan \u00fanicamente en resultados financieros inmediatos, sino en construir modelos sostenibles, innovadores y con impacto social. Su mentalidad es distinta, y esa diferencia se refleja en la forma en que redefinen&hellip;<\/p>\n","protected":false},"author":9,"featured_media":17681,"comment_status":"closed","ping_status":"closed","sticky":false,"template":"","format":"standard","meta":{"footnotes":""},"categories":[225,224],"tags":[],"class_list":["post-17688","post","type-post","status-publish","format-standard","has-post-thumbnail","hentry","category-comunidad","category-factor-ebc"],"yoast_head":"<!-- This site is optimized with the Yoast SEO plugin v27.3 - https:\/\/yoast.com\/product\/yoast-seo-wordpress\/ -->\n<title>Liderazgo empresarial: c\u00f3mo piensan los CEOs que transforman industrias - Ventana | EBC<\/title>\n<meta name=\"description\" content=\"Los CEOs que transforman industrias no solo dirigen empresas: ejercen un liderazgo visionario basado en innovaci\u00f3n, adaptabilidad y prop\u00f3sito estrat\u00e9gico.\" \/>\n<meta name=\"robots\" content=\"index, follow, max-snippet:-1, max-image-preview:large, max-video-preview:-1\" \/>\n<link rel=\"canonical\" href=\"https:\/\/www.ebc.mx\/ventana\/los-ceos-que-transforman-industrias\/\" \/>\n<meta property=\"og:locale\" content=\"es_MX\" \/>\n<meta property=\"og:type\" content=\"article\" \/>\n<meta property=\"og:title\" content=\"Liderazgo empresarial: c\u00f3mo piensan los CEOs que transforman industrias - Ventana | EBC\" \/>\n<meta property=\"og:description\" content=\"Los CEOs que transforman industrias no solo dirigen empresas: ejercen un liderazgo visionario basado en innovaci\u00f3n, adaptabilidad y prop\u00f3sito estrat\u00e9gico.\" \/>\n<meta property=\"og:url\" content=\"https:\/\/www.ebc.mx\/ventana\/los-ceos-que-transforman-industrias\/\" \/>\n<meta property=\"og:site_name\" content=\"Ventana | EBC\" \/>\n<meta property=\"article:author\" content=\"https:\/\/www.facebook.com\/factorseo\" \/>\n<meta property=\"article:published_time\" content=\"2025-10-06T22:41:51+00:00\" \/>\n<meta property=\"og:image\" content=\"https:\/\/www.ebc.mx\/ventana\/wp-content\/uploads\/2025\/10\/44.png\" \/>\n\t<meta property=\"og:image:width\" content=\"1200\" \/>\n\t<meta property=\"og:image:height\" content=\"628\" \/>\n\t<meta property=\"og:image:type\" content=\"image\/png\" \/>\n<meta name=\"author\" content=\"Aaron Kamel\" \/>\n<meta name=\"twitter:card\" content=\"summary_large_image\" \/>\n<meta name=\"twitter:label1\" content=\"Escrito por\" \/>\n\t<meta name=\"twitter:data1\" content=\"Aaron Kamel\" \/>\n\t<meta name=\"twitter:label2\" content=\"Tiempo de lectura\" \/>\n\t<meta name=\"twitter:data2\" content=\"3 minutos\" \/>\n<script type=\"application\/ld+json\" class=\"yoast-schema-graph\">{\"@context\":\"https:\\\/\\\/schema.org\",\"@graph\":[{\"@type\":\"Article\",\"@id\":\"https:\\\/\\\/www.ebc.mx\\\/ventana\\\/los-ceos-que-transforman-industrias\\\/#article\",\"isPartOf\":{\"@id\":\"https:\\\/\\\/www.ebc.mx\\\/ventana\\\/los-ceos-que-transforman-industrias\\\/\"},\"author\":{\"name\":\"Aaron Kamel\",\"@id\":\"https:\\\/\\\/www.ebc.mx\\\/ventana\\\/#\\\/schema\\\/person\\\/6f80ca2a5bb9a8569923323ec08dce26\"},\"headline\":\"Liderazgo empresarial: c\u00f3mo piensan los CEOs que transforman industrias\",\"datePublished\":\"2025-10-06T22:41:51+00:00\",\"mainEntityOfPage\":{\"@id\":\"https:\\\/\\\/www.ebc.mx\\\/ventana\\\/los-ceos-que-transforman-industrias\\\/\"},\"wordCount\":536,\"image\":{\"@id\":\"https:\\\/\\\/www.ebc.mx\\\/ventana\\\/los-ceos-que-transforman-industrias\\\/#primaryimage\"},\"thumbnailUrl\":\"https:\\\/\\\/www.ebc.mx\\\/ventana\\\/wp-content\\\/uploads\\\/2025\\\/10\\\/44.png\",\"articleSection\":[\"Comunidad+\",\"Factor EBC\"],\"inLanguage\":\"es\"},{\"@type\":\"WebPage\",\"@id\":\"https:\\\/\\\/www.ebc.mx\\\/ventana\\\/los-ceos-que-transforman-industrias\\\/\",\"url\":\"https:\\\/\\\/www.ebc.mx\\\/ventana\\\/los-ceos-que-transforman-industrias\\\/\",\"name\":\"Liderazgo empresarial: c\u00f3mo piensan los CEOs que transforman industrias - Ventana | EBC\",\"isPartOf\":{\"@id\":\"https:\\\/\\\/www.ebc.mx\\\/ventana\\\/#website\"},\"primaryImageOfPage\":{\"@id\":\"https:\\\/\\\/www.ebc.mx\\\/ventana\\\/los-ceos-que-transforman-industrias\\\/#primaryimage\"},\"image\":{\"@id\":\"https:\\\/\\\/www.ebc.mx\\\/ventana\\\/los-ceos-que-transforman-industrias\\\/#primaryimage\"},\"thumbnailUrl\":\"https:\\\/\\\/www.ebc.mx\\\/ventana\\\/wp-content\\\/uploads\\\/2025\\\/10\\\/44.png\",\"datePublished\":\"2025-10-06T22:41:51+00:00\",\"author\":{\"@id\":\"https:\\\/\\\/www.ebc.mx\\\/ventana\\\/#\\\/schema\\\/person\\\/6f80ca2a5bb9a8569923323ec08dce26\"},\"description\":\"Los CEOs que transforman industrias no solo dirigen empresas: ejercen un liderazgo visionario basado en innovaci\u00f3n, adaptabilidad y prop\u00f3sito estrat\u00e9gico.\",\"breadcrumb\":{\"@id\":\"https:\\\/\\\/www.ebc.mx\\\/ventana\\\/los-ceos-que-transforman-industrias\\\/#breadcrumb\"},\"inLanguage\":\"es\",\"potentialAction\":[{\"@type\":\"ReadAction\",\"target\":[\"https:\\\/\\\/www.ebc.mx\\\/ventana\\\/los-ceos-que-transforman-industrias\\\/\"]}]},{\"@type\":\"ImageObject\",\"inLanguage\":\"es\",\"@id\":\"https:\\\/\\\/www.ebc.mx\\\/ventana\\\/los-ceos-que-transforman-industrias\\\/#primaryimage\",\"url\":\"https:\\\/\\\/www.ebc.mx\\\/ventana\\\/wp-content\\\/uploads\\\/2025\\\/10\\\/44.png\",\"contentUrl\":\"https:\\\/\\\/www.ebc.mx\\\/ventana\\\/wp-content\\\/uploads\\\/2025\\\/10\\\/44.png\",\"width\":1200,\"height\":628},{\"@type\":\"BreadcrumbList\",\"@id\":\"https:\\\/\\\/www.ebc.mx\\\/ventana\\\/los-ceos-que-transforman-industrias\\\/#breadcrumb\",\"itemListElement\":[{\"@type\":\"ListItem\",\"position\":1,\"name\":\"Inicio\",\"item\":\"https:\\\/\\\/www.ebc.mx\\\/ventana\\\/\"},{\"@type\":\"ListItem\",\"position\":2,\"name\":\"Liderazgo empresarial: c\u00f3mo piensan los CEOs que transforman industrias\"}]},{\"@type\":\"WebSite\",\"@id\":\"https:\\\/\\\/www.ebc.mx\\\/ventana\\\/#website\",\"url\":\"https:\\\/\\\/www.ebc.mx\\\/ventana\\\/\",\"name\":\"Ventana | EBC\",\"description\":\"Portada\",\"potentialAction\":[{\"@type\":\"SearchAction\",\"target\":{\"@type\":\"EntryPoint\",\"urlTemplate\":\"https:\\\/\\\/www.ebc.mx\\\/ventana\\\/?s={search_term_string}\"},\"query-input\":{\"@type\":\"PropertyValueSpecification\",\"valueRequired\":true,\"valueName\":\"search_term_string\"}}],\"inLanguage\":\"es\"},{\"@type\":\"Person\",\"@id\":\"https:\\\/\\\/www.ebc.mx\\\/ventana\\\/#\\\/schema\\\/person\\\/6f80ca2a5bb9a8569923323ec08dce26\",\"name\":\"Aaron Kamel\",\"image\":{\"@type\":\"ImageObject\",\"inLanguage\":\"es\",\"@id\":\"https:\\\/\\\/secure.gravatar.com\\\/avatar\\\/72182e99a76112b3d715ebb2196a323ee33602ec16427058a86832801944265a?s=96&d=blank&r=g\",\"url\":\"https:\\\/\\\/secure.gravatar.com\\\/avatar\\\/72182e99a76112b3d715ebb2196a323ee33602ec16427058a86832801944265a?s=96&d=blank&r=g\",\"contentUrl\":\"https:\\\/\\\/secure.gravatar.com\\\/avatar\\\/72182e99a76112b3d715ebb2196a323ee33602ec16427058a86832801944265a?s=96&d=blank&r=g\",\"caption\":\"Aaron Kamel\"},\"description\":\"Aaron Kamel es un empresario y experto en negocios digitales con amplia experiencia en eCommerce y transformaci\u00f3n digital. Ha impulsado proyectos innovadores que integran tecnolog\u00eda y estrategia comercial, y se ha consolidado como tallerista y conferencista que forma a emprendedores, empresas y profesionales en el uso inteligente de plataformas digitales. Su visi\u00f3n pr\u00e1ctica y estrat\u00e9gica lo ha convertido en un referente en M\u00e9xico y Latinoam\u00e9rica para el desarrollo de negocios en l\u00ednea.\",\"sameAs\":[\"https:\\\/\\\/factorseo.mx\\\/\",\"https:\\\/\\\/www.facebook.com\\\/factorseo\",\"https:\\\/\\\/www.linkedin.com\\\/company\\\/factor-seo\\\/posts\\\/?feedView=all\"],\"url\":\"https:\\\/\\\/www.ebc.mx\\\/ventana\\\/author\\\/aaron-kamel\\\/\"}]}<\/script>\n<!-- \/ Yoast SEO plugin. -->","yoast_head_json":{"title":"Liderazgo empresarial: c\u00f3mo piensan los CEOs que transforman industrias - Ventana | EBC","description":"Los CEOs que transforman industrias no solo dirigen empresas: ejercen un liderazgo visionario basado en innovaci\u00f3n, adaptabilidad y prop\u00f3sito estrat\u00e9gico.","robots":{"index":"index","follow":"follow","max-snippet":"max-snippet:-1","max-image-preview":"max-image-preview:large","max-video-preview":"max-video-preview:-1"},"canonical":"https:\/\/www.ebc.mx\/ventana\/los-ceos-que-transforman-industrias\/","og_locale":"es_MX","og_type":"article","og_title":"Liderazgo empresarial: c\u00f3mo piensan los CEOs que transforman industrias - Ventana | EBC","og_description":"Los CEOs que transforman industrias no solo dirigen empresas: ejercen un liderazgo visionario basado en innovaci\u00f3n, adaptabilidad y prop\u00f3sito estrat\u00e9gico.","og_url":"https:\/\/www.ebc.mx\/ventana\/los-ceos-que-transforman-industrias\/","og_site_name":"Ventana | EBC","article_author":"https:\/\/www.facebook.com\/factorseo","article_published_time":"2025-10-06T22:41:51+00:00","og_image":[{"width":1200,"height":628,"url":"https:\/\/www.ebc.mx\/ventana\/wp-content\/uploads\/2025\/10\/44.png","type":"image\/png"}],"author":"Aaron Kamel","twitter_card":"summary_large_image","twitter_misc":{"Escrito por":"Aaron Kamel","Tiempo de lectura":"3 minutos"},"schema":{"@context":"https:\/\/schema.org","@graph":[{"@type":"Article","@id":"https:\/\/www.ebc.mx\/ventana\/los-ceos-que-transforman-industrias\/#article","isPartOf":{"@id":"https:\/\/www.ebc.mx\/ventana\/los-ceos-que-transforman-industrias\/"},"author":{"name":"Aaron Kamel","@id":"https:\/\/www.ebc.mx\/ventana\/#\/schema\/person\/6f80ca2a5bb9a8569923323ec08dce26"},"headline":"Liderazgo empresarial: c\u00f3mo piensan los CEOs que transforman industrias","datePublished":"2025-10-06T22:41:51+00:00","mainEntityOfPage":{"@id":"https:\/\/www.ebc.mx\/ventana\/los-ceos-que-transforman-industrias\/"},"wordCount":536,"image":{"@id":"https:\/\/www.ebc.mx\/ventana\/los-ceos-que-transforman-industrias\/#primaryimage"},"thumbnailUrl":"https:\/\/www.ebc.mx\/ventana\/wp-content\/uploads\/2025\/10\/44.png","articleSection":["Comunidad+","Factor EBC"],"inLanguage":"es"},{"@type":"WebPage","@id":"https:\/\/www.ebc.mx\/ventana\/los-ceos-que-transforman-industrias\/","url":"https:\/\/www.ebc.mx\/ventana\/los-ceos-que-transforman-industrias\/","name":"Liderazgo empresarial: c\u00f3mo piensan los CEOs que transforman industrias - Ventana | EBC","isPartOf":{"@id":"https:\/\/www.ebc.mx\/ventana\/#website"},"primaryImageOfPage":{"@id":"https:\/\/www.ebc.mx\/ventana\/los-ceos-que-transforman-industrias\/#primaryimage"},"image":{"@id":"https:\/\/www.ebc.mx\/ventana\/los-ceos-que-transforman-industrias\/#primaryimage"},"thumbnailUrl":"https:\/\/www.ebc.mx\/ventana\/wp-content\/uploads\/2025\/10\/44.png","datePublished":"2025-10-06T22:41:51+00:00","author":{"@id":"https:\/\/www.ebc.mx\/ventana\/#\/schema\/person\/6f80ca2a5bb9a8569923323ec08dce26"},"description":"Los CEOs que transforman industrias no solo dirigen empresas: ejercen un liderazgo visionario basado en innovaci\u00f3n, adaptabilidad y prop\u00f3sito estrat\u00e9gico.","breadcrumb":{"@id":"https:\/\/www.ebc.mx\/ventana\/los-ceos-que-transforman-industrias\/#breadcrumb"},"inLanguage":"es","potentialAction":[{"@type":"ReadAction","target":["https:\/\/www.ebc.mx\/ventana\/los-ceos-que-transforman-industrias\/"]}]},{"@type":"ImageObject","inLanguage":"es","@id":"https:\/\/www.ebc.mx\/ventana\/los-ceos-que-transforman-industrias\/#primaryimage","url":"https:\/\/www.ebc.mx\/ventana\/wp-content\/uploads\/2025\/10\/44.png","contentUrl":"https:\/\/www.ebc.mx\/ventana\/wp-content\/uploads\/2025\/10\/44.png","width":1200,"height":628},{"@type":"BreadcrumbList","@id":"https:\/\/www.ebc.mx\/ventana\/los-ceos-que-transforman-industrias\/#breadcrumb","itemListElement":[{"@type":"ListItem","position":1,"name":"Inicio","item":"https:\/\/www.ebc.mx\/ventana\/"},{"@type":"ListItem","position":2,"name":"Liderazgo empresarial: c\u00f3mo piensan los CEOs que transforman industrias"}]},{"@type":"WebSite","@id":"https:\/\/www.ebc.mx\/ventana\/#website","url":"https:\/\/www.ebc.mx\/ventana\/","name":"Ventana | EBC","description":"Portada","potentialAction":[{"@type":"SearchAction","target":{"@type":"EntryPoint","urlTemplate":"https:\/\/www.ebc.mx\/ventana\/?s={search_term_string}"},"query-input":{"@type":"PropertyValueSpecification","valueRequired":true,"valueName":"search_term_string"}}],"inLanguage":"es"},{"@type":"Person","@id":"https:\/\/www.ebc.mx\/ventana\/#\/schema\/person\/6f80ca2a5bb9a8569923323ec08dce26","name":"Aaron Kamel","image":{"@type":"ImageObject","inLanguage":"es","@id":"https:\/\/secure.gravatar.com\/avatar\/72182e99a76112b3d715ebb2196a323ee33602ec16427058a86832801944265a?s=96&d=blank&r=g","url":"https:\/\/secure.gravatar.com\/avatar\/72182e99a76112b3d715ebb2196a323ee33602ec16427058a86832801944265a?s=96&d=blank&r=g","contentUrl":"https:\/\/secure.gravatar.com\/avatar\/72182e99a76112b3d715ebb2196a323ee33602ec16427058a86832801944265a?s=96&d=blank&r=g","caption":"Aaron Kamel"},"description":"Aaron Kamel es un empresario y experto en negocios digitales con amplia experiencia en eCommerce y transformaci\u00f3n digital. Ha impulsado proyectos innovadores que integran tecnolog\u00eda y estrategia comercial, y se ha consolidado como tallerista y conferencista que forma a emprendedores, empresas y profesionales en el uso inteligente de plataformas digitales. Su visi\u00f3n pr\u00e1ctica y estrat\u00e9gica lo ha convertido en un referente en M\u00e9xico y Latinoam\u00e9rica para el desarrollo de negocios en l\u00ednea.","sameAs":["https:\/\/factorseo.mx\/","https:\/\/www.facebook.com\/factorseo","https:\/\/www.linkedin.com\/company\/factor-seo\/posts\/?feedView=all"],"url":"https:\/\/www.ebc.mx\/ventana\/author\/aaron-kamel\/"}]}},"_links":{"self":[{"href":"https:\/\/www.ebc.mx\/ventana\/wp-json\/wp\/v2\/posts\/17688","targetHints":{"allow":["GET"]}}],"collection":[{"href":"https:\/\/www.ebc.mx\/ventana\/wp-json\/wp\/v2\/posts"}],"about":[{"href":"https:\/\/www.ebc.mx\/ventana\/wp-json\/wp\/v2\/types\/post"}],"author":[{"embeddable":true,"href":"https:\/\/www.ebc.mx\/ventana\/wp-json\/wp\/v2\/users\/9"}],"replies":[{"embeddable":true,"href":"https:\/\/www.ebc.mx\/ventana\/wp-json\/wp\/v2\/comments?post=17688"}],"version-history":[{"count":1,"href":"https:\/\/www.ebc.mx\/ventana\/wp-json\/wp\/v2\/posts\/17688\/revisions"}],"predecessor-version":[{"id":17689,"href":"https:\/\/www.ebc.mx\/ventana\/wp-json\/wp\/v2\/posts\/17688\/revisions\/17689"}],"wp:featuredmedia":[{"embeddable":true,"href":"https:\/\/www.ebc.mx\/ventana\/wp-json\/wp\/v2\/media\/17681"}],"wp:attachment":[{"href":"https:\/\/www.ebc.mx\/ventana\/wp-json\/wp\/v2\/media?parent=17688"}],"wp:term":[{"taxonomy":"category","embeddable":true,"href":"https:\/\/www.ebc.mx\/ventana\/wp-json\/wp\/v2\/categories?post=17688"},{"taxonomy":"post_tag","embeddable":true,"href":"https:\/\/www.ebc.mx\/ventana\/wp-json\/wp\/v2\/tags?post=17688"}],"curies":[{"name":"wp","href":"https:\/\/api.w.org\/{rel}","templated":true}]}}