{"id":16889,"date":"2024-02-29T13:40:48","date_gmt":"2024-02-29T19:40:48","guid":{"rendered":"https:\/\/www.ebc.mx\/ventana\/?p=16889"},"modified":"2024-07-09T18:01:26","modified_gmt":"2024-07-10T00:01:26","slug":"ebc-en-tu-empresa","status":"publish","type":"post","link":"https:\/\/www.ebc.mx\/ventana\/ebc-en-tu-empresa\/","title":{"rendered":"La EBC en tu empresa: una iniciativa que trasciende nuestros principios"},"content":{"rendered":"<p><strong><span class=\"title_ache_seis\">Tiempo de lectura: 5 minutos<\/span><\/strong><\/p>\n<p style=\"padding-top: 15px;\"><strong>Autor:<\/strong> <span style=\"font-weight: 400;\">Vinculaci\u00f3n empresarial Campus Ciudad de M\u00e9xico<\/span><\/p>\n<p><span style=\"font-weight: 400;\">Licenciaturas Ejecutivas<\/span><\/p>\n<p><span style=\"font-weight: 400;\"> Posgrados<\/span><\/p>\n<p><span style=\"font-weight: 400;\">Educaci\u00f3n Continua<\/span><\/p>\n\n\n<h2 class=\"wp-block-heading\"><strong>Introducci\u00f3n<\/strong><strong>&nbsp;<\/strong><\/h2>\n\n\n\n<p>En un mundo empresarial cada vez m\u00e1s din\u00e1mico y competitivo, <strong>la colaboraci\u00f3n, el aprendizaje continuo y la innovaci\u00f3n son esenciales para el crecimiento de los negocios<\/strong>. En este contexto, EBC Campus Ciudad de M\u00e9xico se enorgullece de presentar \u201cLa EBC en tu Empresa\u201d, un programa innovador de capacitaci\u00f3n dise\u00f1ado para estrechar lazos entre nuestra instituci\u00f3n y las organizaciones aliadas, para compartir conocimientos o experiencias, adem\u00e1s de construir puentes s\u00f3lidos que unan a la academia con el mundo de los negocios.&nbsp;<\/p>\n\n\n\n<h2 class=\"wp-block-heading has-text-align-center\"><strong>Fomentando el aprendizaje en el lugar de trabajo<\/strong><\/h2>\n\n\n\n<p>\u201cLa EBC en tu Empresa\u201d no es un programa convencional, puesto que va m\u00e1s all\u00e1 de las aulas, adentr\u00e1ndose en los corazones de las <strong>organizaciones aliadas, a trav\u00e9s de visitas a sus instalaciones y sesiones virtuales o h\u00edbridas<\/strong>. De esta manera, nuestros docentes especializados en diversas \u00e1reas trabajan con los equipos de Recursos Humanos, Capacitaci\u00f3n y Desarrollo Organizacional para transmitir un nivel educativo de excelencia a las cuatro divisiones de nuestra oferta educativa: Licenciaturas, Licenciaturas Ejecutivas, Posgrados y Educaci\u00f3n Continua.<\/p>\n\n\n\n<p style=\"padding-top: 15px;\">Asimismo, en el tercer trimestre del 2023 apoyamos en la <strong>formaci\u00f3n del talento de m\u00e1s de veinte empresas aliadas de diversos sectores<\/strong>, impartiendo temas como la administraci\u00f3n del tiempo, <em>design thinking<\/em>, equipos de alto rendimiento, Excel de negocios, habilidades gerenciales, inteligencia emocional en el trabajo, liderazgo de alto impacto, planeaci\u00f3n financiera, servicio al cliente, t\u00e1cticas de negociaci\u00f3n, entre otras. Al final logramos que nuestro impacto llegara a 689 personas en el \u00e1mbito de los negocios.<\/p>\n\n\n\n<h2 class=\"wp-block-heading has-text-align-center\"><strong>Un di\u00e1logo bidireccional<\/strong><\/h2>\n\n\n\n<p>Lo que hace que este programa sea excepcional es el di\u00e1logo bidireccional, ya que no s\u00f3lo impartimos saberes, sino que aprendemos de nuestros aliados. Esta<strong> interacci\u00f3n enriquecedora<\/strong> nos permite adaptar las capacitaciones a varias necesidades y desaf\u00edos espec\u00edficos de cada organizaci\u00f3n.<\/p>\n\n\n\n<h2 class=\"wp-block-heading has-text-align-center\"><strong>Beneficios tangibles<\/strong><\/h2>\n\n\n\n<p>Las ventajas o beneficios que obtienen las empresas aliadas son m\u00faltiples, entre estas est\u00e1n las siguientes: tienen la <strong>capacidad de formar un equipo m\u00e1s preparado y motivado<\/strong>, lo cual se traduce en una mayor eficiencia operativa que fomenta un liderazgo perdurable. Adem\u00e1s, fomenta la retenci\u00f3n de los empleados talentosos y el aprendizaje de nuevas capacidades, contribuyendo al \u00e9xito a largo plazo.<\/p>\n\n\n\n<h2 class=\"wp-block-heading has-text-align-center\"><strong>Estrechando lazos duraderos<\/strong><\/h2>\n\n\n\n<p>Adem\u00e1s de la b\u00fasqueda de beneficios inmediatos, este programa se empe\u00f1a en construir relaciones s\u00f3lidas a largo plazo. De tal forma, que, al <strong>trabajar unidos en el desarrollo de habilidades<\/strong>, junto con la resoluci\u00f3n de desaf\u00edos, estamos tejiendo una red de colaboraci\u00f3n que trasciende las fronteras de las aulas y las empresas.<\/p>\n\n\n\n<h2 class=\"wp-block-heading has-text-align-center\"><strong>El futuro de la educaci\u00f3n empresarial<\/strong><\/h2>\n\n\n\n<p>Las \u00e1reas involucradas en este proyecto (Vinculaci\u00f3n Empresarial, Licenciaturas, Licenciaturas Ejecutivas, Posgrados y Educaci\u00f3n Continua) est\u00e1n entusiasmadas por el impacto que el programa tiene y por las relaciones que estamos construyendo. Esto nos hace creer firmemente que \u201cLa EBC en tu Empresa\u201d es un <strong>testimonio de nuestro compromiso con la educaci\u00f3n, el aprendizaje continuo y el fortalecimiento de la comunidad<\/strong>. A continuaci\u00f3n, te presentamos algunos de los testimonios del talento que ha participado en el programa.<\/p>\n\n\n\n<h3 class=\"wp-block-heading\"><strong>CAMINO REAL AEROPUERTO<\/strong><\/h3>\n\n\n\n<p class=\"kt-adv-heading16889_0ca35b-d6 wp-block-kadence-advancedheading\" data-kb-block=\"kb-adv-heading16889_0ca35b-d6\"><img decoding=\"async\" width=\"100%\" height=\"100%\" src=\"https:\/\/lh7-us.googleusercontent.com\/docsz\/AD_4nXcXY55ueGD5rJLF5A-vWygzxm_04tzHClTXDr7oLqV1TLgf7ATyk93Ws7045gNIj0BuovaxzAtxjRQMPqoff9HBo6mT7O7pRdMD6Tsk1geh850GndZqnttHcule5YzFLZUwisU9LSLFSzuKa7Z_KiDn7jSUl0xlQU2xyarMAtUu8BzbZc2Ytx0?key=O3UfPFE1zpN_T3-xfsPAzw\"><\/p>\n\n\n\n<h3 class=\"wp-block-heading\"><strong>HYAYY REGENCY MEXICO CITY POLANCO<\/strong><\/h3>\n\n\n\n<figure class=\"wp-block-image size-full\"><img fetchpriority=\"high\" decoding=\"async\" width=\"800\" height=\"533\" src=\"https:\/\/www.ebc.mx\/ventana\/wp-content\/uploads\/2024\/07\/Hyatt-Regency-Polanco.jpg\" alt=\"\" class=\"lazyload_inited wp-image-17153\"\/><\/figure>\n\n\n\n<h3 class=\"wp-block-heading\"><strong>GRUPO GAYOSSO<\/strong><\/h3>\n\n\n\n<figure class=\"wp-block-image size-full\"><img decoding=\"async\" width=\"800\" height=\"570\" src=\"https:\/\/www.ebc.mx\/ventana\/wp-content\/uploads\/2024\/07\/Grupo-Gayosso.jpg\" alt=\"\" class=\"lazyload_inited wp-image-17154\"\/><\/figure>\n\n\n\n<h3 class=\"wp-block-heading\"><strong>PINFRA<\/strong><\/h3>\n\n\n\n<figure class=\"wp-block-image size-full\"><img src=\"https:\/\/www.ebc.mx\/ventana\/wp-content\/plugins\/trx_addons\/components\/lazy-load\/images\/placeholder.png\" data-trx-lazyload-height style=\"height: 0; padding-top: 75%;\" decoding=\"async\" width=\"800\" height=\"600\" data-trx-lazyload-src=\"https:\/\/www.ebc.mx\/ventana\/wp-content\/uploads\/2024\/07\/Pinfra.jpg\" alt=\"\" class=\"wp-image-17155\"\/><\/figure>\n\n\n\n<h3 class=\"wp-block-heading\"><strong>CLXT CALIXTO PARTNERS<\/strong><\/h3>\n\n\n\n<figure class=\"wp-block-image size-full\"><img src=\"https:\/\/www.ebc.mx\/ventana\/wp-content\/plugins\/trx_addons\/components\/lazy-load\/images\/placeholder.png\" data-trx-lazyload-height style=\"height: 0; padding-top: 68.75%;\" loading=\"lazy\" decoding=\"async\" width=\"800\" height=\"550\" data-trx-lazyload-src=\"https:\/\/www.ebc.mx\/ventana\/wp-content\/uploads\/2024\/07\/Calixto-Partners.jpg\" alt=\"\" class=\"wp-image-17156\"\/><\/figure>\n\n\n\n<h3 class=\"wp-block-heading\"><strong>GRUPO LECUMBERRI<\/strong><\/h3>\n\n\n\n<p><img decoding=\"async\" src=\"https:\/\/lh7-us.googleusercontent.com\/docsz\/AD_4nXfJ0tOsDhsOtXBkm70goGg4bOzvWU0M9lr6z5YESNpQlUhzxS324EUOUBWV-0MACeZ0sforKm4nTOziaKLsn9NtKf2hIfbbwgDCyaFjlYSWGkjS2Trek86sHWxeRxlCIy5XiWxIYPOHxma5SQLebGRdW5HNsM_3mfkIymg2mKunwdJd9sdkcWY?key=O3UfPFE1zpN_T3-xfsPAzw\" width=\"100%\" height=\"100%\"><\/p>\n\n\n\n<h2 class=\"wp-block-heading has-text-align-center\"><strong>THOMSON REUTERS<\/strong><\/h2>\n\n\n\n<figure class=\"wp-block-image size-full\"><img src=\"https:\/\/www.ebc.mx\/ventana\/wp-content\/plugins\/trx_addons\/components\/lazy-load\/images\/placeholder.png\" data-trx-lazyload-height style=\"height: 0; padding-top: 56.25%;\" loading=\"lazy\" decoding=\"async\" width=\"800\" height=\"450\" data-trx-lazyload-src=\"https:\/\/www.ebc.mx\/ventana\/wp-content\/uploads\/2024\/07\/Thomson-Reuters.jpg\" alt=\"\" class=\"wp-image-17157\"\/><\/figure>\n\n\n\n<h2 class=\"wp-block-heading\"><strong>Testimonios de empresas aliadas<\/strong><\/h2>\n\n\n\n<h3 class=\"wp-block-heading\"><strong>Sofia Betanzos | Thomson Reuters<\/strong><\/h3>\n\n\n\n<p>Como parte del programa \u201cLa EBC en tu Empresa\u201d en Thomson Reuters M\u00e9xico, tuvimos el agrado de recibir al maestro Ricardo Otero y al equipo de la EBC en nuestras oficinas de Paseo de la Reforma para compartirnos el <strong>tema de inteligencia emocional en el trabajo<\/strong>, invitamos a 20 colaboradores que estuvieron presenciales y remotos, e incluso, tuvimos un par de compa\u00f1eros extra que se quisieron quedar. El docente dio una charla muy din\u00e1mica en la que<strong> compartimos experiencias, reflexionamos y aprendimos<\/strong> sobre algo que todos podemos aplicar en nuestro d\u00eda a d\u00eda. Despu\u00e9s de esta experiencia no nos queda m\u00e1s que agradecer a la EBC por invitarnos a ser parte de este programa, esperamos poder tener m\u00e1s sesiones el a\u00f1o que viene y seguir trabajando en conjunto para beneficio de ambas comunidades.<\/p>\n\n\n\n<h3 class=\"wp-block-heading\"><strong>Aim\u00e9 Rivera | Emma the Sleep Company&nbsp;<\/strong><\/h3>\n\n\n\n<p>La capacitaci\u00f3n proporcionada por la EBC se convirti\u00f3 en un recurso invaluable. Con la gu\u00eda de este destacado ponente, la clase trascendi\u00f3 los l\u00edmites convencionales de las habilidades t\u00e9cnicas de negociaci\u00f3n, para adentrarse en la riqueza de la <strong>comunicaci\u00f3n efectiva y el lenguaje corporal<\/strong>, aspectos que con frecuencia pasamos por alto en nuestra b\u00fasqueda de t\u00e1cticas y estrategias comerciales.&nbsp;<\/p>\n\n\n\n<p style=\"padding-top: 15px;\"\n>Este enfoque integral fue un soplo de aire fresco, ya que nos hizo comprender que el <strong>proceso de negociaci\u00f3n y las relaciones humanas<\/strong> son el eje donde giran los acuerdos y las alianzas fruct\u00edferas. La combinaci\u00f3n de teor\u00eda y pr\u00e1ctica fueron los pilares de esta capacitaci\u00f3n y destacaron con creces, ya que los formadores de la EBC no se limitaron a compartir su sabidur\u00eda te\u00f3rica, sino que tambi\u00e9n nos inculcaron valiosos ejemplos concretos y nos sumergieron en situaciones del mundo real, creando un entorno donde pudimos aplicar de inmediato lo que est\u00e1bamos aprendiendo.&nbsp;<\/p>\n\n\n\n<p style=\"padding-top: 15px;\">\u00a1Una vez m\u00e1s,<strong> gracias EBC<\/strong>, por ser parte fundamental de este viaje con nosotros! <strong>Su ense\u00f1anza ha dejado una marca indeleble en nuestra empresa<\/strong> y en la forma en que encaramos cada nueva negociaci\u00f3n y desaf\u00edo en el camino hacia el \u00e9xito.<\/p>\n\n\n\n<h3 class=\"wp-block-heading\"><strong>Cesar Cer\u00f3n | Pinfra<\/strong><\/h3>\n\n\n\n<p>Una gran experiencia en donde participaron gerentes, coordinadores y jefes de las diferentes \u00e1reas de nuestro corporativo para enriquecer su <strong>conocimiento en un tema tan importante como el liderazgo situacional<\/strong>, un curso din\u00e1mico, pr\u00e1ctico y ligero donde se foment\u00f3 una gran interacci\u00f3n con el ponente. Sin duda esperamos participar nuevamente en esta din\u00e1mica con la Escuela Bancaria y Comercial.<\/p>\n\n\n\n<h3 class=\"wp-block-heading\"><strong>Carlos | Grupo Lecumberri<\/strong><\/h3>\n\n\n\n<p>Agradecemos enormemente a la Escuela de Negocios de M\u00e9xico y su atinada iniciativa \u201cLa EBC en tu Empresa\u201d, que nos permiti\u00f3 tener la oportunidad de compartir el tema<strong> liderazgo y negociaci\u00f3n<\/strong>, a nuestro equipo de colaboradores de mandos medios y altos en nuestra organizaci\u00f3n Grupo Lecumberri, sin duda, est\u00e1 sustentado en sus valores y el talento de su gente, por lo que consideramos muy retribuyente su aporte para el crecimiento y profesionalizaci\u00f3n de nuestros colaboradores.<\/p>\n\n\n\n<h2 class=\"wp-block-heading\"><strong>Testimonios Instructores<\/strong><\/h2>\n\n\n\n<h3 class=\"wp-block-heading\"><strong>Varenka Maupome | Catedr\u00e1tica de la divisi\u00f3n Licenciaturas Ejecutivas<\/strong><\/h3>\n\n\n\n<p>\u201cLa EBC en tu Empresa\u201d es una gran iniciativa. Considero que transmitir la excelencia educativa de la Escuela para capacitar al personal es fundamental en el entorno empresarial actual, por varias razones; en primer lugar,<strong> permite a los empleados mantenerse actualizados en un mundo en constante evoluci\u00f3n<\/strong> y ello los hace ser m\u00e1s eficientes y efectivos en sus roles; en segundo, la capacitaci\u00f3n fomenta la adquisici\u00f3n de nuevas habilidades y conocimientos, lo cual contribuye al crecimiento personal y profesional de los colaboradores.<\/p>\n\n\n\n<p style=\"padding-top: 15px;\">Este programa fue esencial para mejorar la productividad, la calidad del trabajo y la satisfacci\u00f3n del cliente. Porque al invertir en el desarrollo de su personal, las industrias pueden mantenerse competitivas y adaptarse a las cambiantes demandas del mercado. Asimismo, promueve un ambiente laboral positivo, fortaleciendo la retenci\u00f3n y reduciendo los costos asociados con la rotaci\u00f3n de personal.&nbsp;<\/p>\n\n\n\n<p style=\"padding-top: 15px;\">Finalmente, quisiera decir que <strong>la capacitaci\u00f3n continua es una inversi\u00f3n esencial<\/strong> para el \u00e9xito y la sostenibilidad de cualquier empresa.<\/p>\n\n\n\n<h3 class=\"wp-block-heading\"><strong>Ram\u00f3n Mart\u00ednez | Catedr\u00e1tico de la divisi\u00f3n Licenciaturas&nbsp;<\/strong><\/h3>\n\n\n\n<p>Hace unos d\u00edas tuve la oportunidad de compartir varios aspectos relacionados con el mundo de los negocios, sin duda,<strong> fue una gran experiencia hablar sobre temas de liderazgo, negociaci\u00f3n y planeaci\u00f3n estrat\u00e9gica<\/strong>. Porque en conjunto logramos comprender el impacto de estos en el quehacer diario de la organizaci\u00f3n, lejos de un plano t\u00e9cnico, pues tuvimos una orientaci\u00f3n pr\u00e1ctica para la ejecuci\u00f3n y toma de decisiones, lo cual permiti\u00f3 a los participantes tener una visi\u00f3n amplia que les permitir\u00e1 desarrollar competencias, las cuales fortalecer\u00e1n su gesti\u00f3n dentro de la organizaci\u00f3n.&nbsp;<\/p>\n\n\n\n<p style=\"padding-top: 15px;\">Hablamos de liderazgo fortaleciendo competencias sobre inspiraci\u00f3n, motivaci\u00f3n, influencia, toma de decisiones y el impacto en la organizaci\u00f3n, as\u00ed como de la negociaci\u00f3n y la capacidad de persuadir mediante el <strong>manejo de conflictos y el uso de la inteligencia emocional<\/strong>; en t\u00e9rminos de planeaci\u00f3n estrat\u00e9gica, conversamos sobre la nueva forma de entender los modelos de negocio, partiendo de escenarios complejos, ambiguos, vulnerables y con una carga de incertidumbre, mediante la innovaci\u00f3n, el uso de la tecnolog\u00eda como palanca y su impacto en la rentabilidad y sostenibilidad del negocio.<\/p>\n\n\n\n<p style=\"padding-top: 15px;\">En retrospectiva, este tipo de alianzas permiten que tanto la EBC como las empresas logren tener un <strong>impacto social-profesional en el desarrollo<\/strong> <strong>de su talento<\/strong> en las organizaciones, el cual, a su vez, tendr\u00e1 una repercusi\u00f3n en los negocios y en nuestro pa\u00eds en t\u00e9rminos de preparaci\u00f3n profesional.<\/p>\n\n\n\n<h3 class=\"wp-block-heading\"><strong>Ivonne Lorena Mijares Aguilar | Catedr\u00e1tico de la divisi\u00f3n Educaci\u00f3n Continua<\/strong><\/h3>\n\n\n\n<p style=\"padding-top: 15px;\">\u201cLa EBC en tu Empresa\u201d es una iniciativa importante, ya que permite que las organizaciones tengan la posibilidad de ver la calidad del trabajo que brinda la EBC a sus estudiantes.&nbsp;<\/p>\n\n\n\n<p style=\"padding-top: 15px;\">Es una oportunidad de abrirles la puerta para que puedan ver de primera mano c\u00f3mo trabajamos, apoyarlos con temas puntuales y estrechar lazos que permitan el apoyo entre las organizaciones aliadas y la EBC. En esta ocasi\u00f3n tuvieron la posibilidad de tener una clase real con conocimientos que pueden aplicar diariamente, no fue una presentaci\u00f3n \u201csobre nuestros servicios\u201d, es una clase en la cual se busca que los participantes adquieran <strong>conocimientos reales y aplicables que les permitan tener un mejor desempe\u00f1o<\/strong>.<\/p>\n\n\n\n<p style=\"padding-top: 15px;\">Siempre es un impacto positivo, ya sea a trav\u00e9s de los alumnos de EBC que ingresan a las empresas aliadas, benefici\u00e1ndolas con sus conocimientos o mediante la formaci\u00f3n dise\u00f1ada a la medida de sus requerimientos.&nbsp;<\/p>\n\n\n\n<p style=\"padding-top: 15px;\">Es un honor representar a la EBC ante las organizaciones aliadas y mostrarles la forma en que podemos apoyarlos. Agradezco mucho que me hayan invitado a esta iniciativa y deseo que se repita de forma peri\u00f3dica para apoyar a m\u00e1s empresas.<\/p>\n\n\n\n<p style=\"padding-top: 15px;\">\u201cLa EBC en tu Empresa\u201d representa el futuro de la educaci\u00f3n en negocios, porque tanto la Escuela como las organizaciones colaboran estrechamente para impulsar la innovaci\u00f3n y el crecimiento. As\u00ed, a medida que avanzamos en esta era de cambios constantes, la colaboraci\u00f3n se convierte en el recurso m\u00e1s valioso de los negocios y de los emprendedores.<\/p>\n","protected":false},"excerpt":{"rendered":"<p>Tiempo de lectura: 5 minutos Autor: Vinculaci\u00f3n empresarial Campus Ciudad de M\u00e9xico Licenciaturas Ejecutivas Posgrados Educaci\u00f3n Continua Introducci\u00f3n&nbsp; En un mundo empresarial cada vez m\u00e1s din\u00e1mico y competitivo, la colaboraci\u00f3n, el aprendizaje continuo y la innovaci\u00f3n son esenciales para el crecimiento de los negocios. En este contexto, EBC Campus Ciudad de M\u00e9xico se enorgullece de&hellip;<\/p>\n","protected":false},"author":2,"featured_media":17011,"comment_status":"closed","ping_status":"closed","sticky":false,"template":"","format":"standard","meta":{"footnotes":""},"categories":[224],"tags":[],"class_list":["post-16889","post","type-post","status-publish","format-standard","has-post-thumbnail","hentry","category-factor-ebc"],"yoast_head":"<!-- This site is optimized with the Yoast SEO plugin v27.3 - https:\/\/yoast.com\/product\/yoast-seo-wordpress\/ -->\n<title>La EBC en tu empresa: una iniciativa que trasciende nuestros principios - Ventana | EBC<\/title>\n<meta name=\"robots\" content=\"index, follow, max-snippet:-1, max-image-preview:large, max-video-preview:-1\" \/>\n<link rel=\"canonical\" href=\"https:\/\/www.ebc.mx\/ventana\/ebc-en-tu-empresa\/\" \/>\n<meta property=\"og:locale\" content=\"es_MX\" \/>\n<meta property=\"og:type\" content=\"article\" \/>\n<meta property=\"og:title\" content=\"La EBC en tu empresa: una iniciativa que trasciende nuestros principios - Ventana | EBC\" \/>\n<meta property=\"og:description\" content=\"Tiempo de lectura: 5 minutos Autor: Vinculaci\u00f3n empresarial Campus Ciudad de M\u00e9xico Licenciaturas Ejecutivas Posgrados Educaci\u00f3n Continua Introducci\u00f3n&nbsp; En un mundo empresarial cada vez m\u00e1s din\u00e1mico y competitivo, la colaboraci\u00f3n, el aprendizaje continuo y la innovaci\u00f3n son esenciales para el crecimiento de los negocios. En este contexto, EBC Campus Ciudad de M\u00e9xico se enorgullece de&hellip;\" \/>\n<meta property=\"og:url\" content=\"https:\/\/www.ebc.mx\/ventana\/ebc-en-tu-empresa\/\" \/>\n<meta property=\"og:site_name\" content=\"Ventana | EBC\" \/>\n<meta property=\"article:published_time\" content=\"2024-02-29T19:40:48+00:00\" \/>\n<meta property=\"article:modified_time\" content=\"2024-07-10T00:01:26+00:00\" \/>\n<meta property=\"og:image\" content=\"https:\/\/www.ebc.mx\/ventana\/wp-content\/uploads\/2024\/02\/portada7.jpg\" \/>\n\t<meta property=\"og:image:width\" content=\"800\" \/>\n\t<meta property=\"og:image:height\" content=\"600\" \/>\n\t<meta property=\"og:image:type\" content=\"image\/jpeg\" \/>\n<meta name=\"author\" content=\"Administrador\" \/>\n<meta name=\"twitter:card\" content=\"summary_large_image\" \/>\n<meta name=\"twitter:creator\" content=\"@sauljaimesmx@gmail.com\" \/>\n<meta name=\"twitter:label1\" content=\"Escrito por\" \/>\n\t<meta name=\"twitter:data1\" content=\"Administrador\" \/>\n\t<meta name=\"twitter:label2\" content=\"Tiempo de lectura\" \/>\n\t<meta name=\"twitter:data2\" content=\"9 minutos\" \/>\n<script type=\"application\/ld+json\" class=\"yoast-schema-graph\">{\"@context\":\"https:\\\/\\\/schema.org\",\"@graph\":[{\"@type\":\"Article\",\"@id\":\"https:\\\/\\\/www.ebc.mx\\\/ventana\\\/ebc-en-tu-empresa\\\/#article\",\"isPartOf\":{\"@id\":\"https:\\\/\\\/www.ebc.mx\\\/ventana\\\/ebc-en-tu-empresa\\\/\"},\"author\":{\"name\":\"Administrador\",\"@id\":\"https:\\\/\\\/www.ebc.mx\\\/ventana\\\/#\\\/schema\\\/person\\\/dc331c773f36c11849cdc1fd25ba5904\"},\"headline\":\"La EBC en tu empresa: una iniciativa que trasciende nuestros principios\",\"datePublished\":\"2024-02-29T19:40:48+00:00\",\"dateModified\":\"2024-07-10T00:01:26+00:00\",\"mainEntityOfPage\":{\"@id\":\"https:\\\/\\\/www.ebc.mx\\\/ventana\\\/ebc-en-tu-empresa\\\/\"},\"wordCount\":1826,\"image\":{\"@id\":\"https:\\\/\\\/www.ebc.mx\\\/ventana\\\/ebc-en-tu-empresa\\\/#primaryimage\"},\"thumbnailUrl\":\"https:\\\/\\\/www.ebc.mx\\\/ventana\\\/wp-content\\\/uploads\\\/2024\\\/02\\\/portada7.jpg\",\"articleSection\":[\"Factor EBC\"],\"inLanguage\":\"es\"},{\"@type\":\"WebPage\",\"@id\":\"https:\\\/\\\/www.ebc.mx\\\/ventana\\\/ebc-en-tu-empresa\\\/\",\"url\":\"https:\\\/\\\/www.ebc.mx\\\/ventana\\\/ebc-en-tu-empresa\\\/\",\"name\":\"La EBC en tu empresa: una iniciativa que trasciende nuestros principios - Ventana | EBC\",\"isPartOf\":{\"@id\":\"https:\\\/\\\/www.ebc.mx\\\/ventana\\\/#website\"},\"primaryImageOfPage\":{\"@id\":\"https:\\\/\\\/www.ebc.mx\\\/ventana\\\/ebc-en-tu-empresa\\\/#primaryimage\"},\"image\":{\"@id\":\"https:\\\/\\\/www.ebc.mx\\\/ventana\\\/ebc-en-tu-empresa\\\/#primaryimage\"},\"thumbnailUrl\":\"https:\\\/\\\/www.ebc.mx\\\/ventana\\\/wp-content\\\/uploads\\\/2024\\\/02\\\/portada7.jpg\",\"datePublished\":\"2024-02-29T19:40:48+00:00\",\"dateModified\":\"2024-07-10T00:01:26+00:00\",\"author\":{\"@id\":\"https:\\\/\\\/www.ebc.mx\\\/ventana\\\/#\\\/schema\\\/person\\\/dc331c773f36c11849cdc1fd25ba5904\"},\"breadcrumb\":{\"@id\":\"https:\\\/\\\/www.ebc.mx\\\/ventana\\\/ebc-en-tu-empresa\\\/#breadcrumb\"},\"inLanguage\":\"es\",\"potentialAction\":[{\"@type\":\"ReadAction\",\"target\":[\"https:\\\/\\\/www.ebc.mx\\\/ventana\\\/ebc-en-tu-empresa\\\/\"]}]},{\"@type\":\"ImageObject\",\"inLanguage\":\"es\",\"@id\":\"https:\\\/\\\/www.ebc.mx\\\/ventana\\\/ebc-en-tu-empresa\\\/#primaryimage\",\"url\":\"https:\\\/\\\/www.ebc.mx\\\/ventana\\\/wp-content\\\/uploads\\\/2024\\\/02\\\/portada7.jpg\",\"contentUrl\":\"https:\\\/\\\/www.ebc.mx\\\/ventana\\\/wp-content\\\/uploads\\\/2024\\\/02\\\/portada7.jpg\",\"width\":800,\"height\":600},{\"@type\":\"BreadcrumbList\",\"@id\":\"https:\\\/\\\/www.ebc.mx\\\/ventana\\\/ebc-en-tu-empresa\\\/#breadcrumb\",\"itemListElement\":[{\"@type\":\"ListItem\",\"position\":1,\"name\":\"Inicio\",\"item\":\"https:\\\/\\\/www.ebc.mx\\\/ventana\\\/\"},{\"@type\":\"ListItem\",\"position\":2,\"name\":\"La EBC en tu empresa: una iniciativa que trasciende nuestros principios\"}]},{\"@type\":\"WebSite\",\"@id\":\"https:\\\/\\\/www.ebc.mx\\\/ventana\\\/#website\",\"url\":\"https:\\\/\\\/www.ebc.mx\\\/ventana\\\/\",\"name\":\"Ventana | EBC\",\"description\":\"Portada\",\"potentialAction\":[{\"@type\":\"SearchAction\",\"target\":{\"@type\":\"EntryPoint\",\"urlTemplate\":\"https:\\\/\\\/www.ebc.mx\\\/ventana\\\/?s={search_term_string}\"},\"query-input\":{\"@type\":\"PropertyValueSpecification\",\"valueRequired\":true,\"valueName\":\"search_term_string\"}}],\"inLanguage\":\"es\"},{\"@type\":\"Person\",\"@id\":\"https:\\\/\\\/www.ebc.mx\\\/ventana\\\/#\\\/schema\\\/person\\\/dc331c773f36c11849cdc1fd25ba5904\",\"name\":\"Administrador\",\"image\":{\"@type\":\"ImageObject\",\"inLanguage\":\"es\",\"@id\":\"https:\\\/\\\/secure.gravatar.com\\\/avatar\\\/38258782bd8fbeae4fb46409ef1819544da0d3c58a695848bb3b550421c49034?s=96&d=blank&r=g\",\"url\":\"https:\\\/\\\/secure.gravatar.com\\\/avatar\\\/38258782bd8fbeae4fb46409ef1819544da0d3c58a695848bb3b550421c49034?s=96&d=blank&r=g\",\"contentUrl\":\"https:\\\/\\\/secure.gravatar.com\\\/avatar\\\/38258782bd8fbeae4fb46409ef1819544da0d3c58a695848bb3b550421c49034?s=96&d=blank&r=g\",\"caption\":\"Administrador\"},\"sameAs\":[\"https:\\\/\\\/x.com\\\/sauljaimesmx@gmail.com\"],\"url\":\"https:\\\/\\\/www.ebc.mx\\\/ventana\\\/author\\\/4dm1nv3ntan42023\\\/\"}]}<\/script>\n<!-- \/ Yoast SEO plugin. -->","yoast_head_json":{"title":"La EBC en tu empresa: una iniciativa que trasciende nuestros principios - Ventana | EBC","robots":{"index":"index","follow":"follow","max-snippet":"max-snippet:-1","max-image-preview":"max-image-preview:large","max-video-preview":"max-video-preview:-1"},"canonical":"https:\/\/www.ebc.mx\/ventana\/ebc-en-tu-empresa\/","og_locale":"es_MX","og_type":"article","og_title":"La EBC en tu empresa: una iniciativa que trasciende nuestros principios - Ventana | EBC","og_description":"Tiempo de lectura: 5 minutos Autor: Vinculaci\u00f3n empresarial Campus Ciudad de M\u00e9xico Licenciaturas Ejecutivas Posgrados Educaci\u00f3n Continua Introducci\u00f3n&nbsp; En un mundo empresarial cada vez m\u00e1s din\u00e1mico y competitivo, la colaboraci\u00f3n, el aprendizaje continuo y la innovaci\u00f3n son esenciales para el crecimiento de los negocios. En este contexto, EBC Campus Ciudad de M\u00e9xico se enorgullece de&hellip;","og_url":"https:\/\/www.ebc.mx\/ventana\/ebc-en-tu-empresa\/","og_site_name":"Ventana | EBC","article_published_time":"2024-02-29T19:40:48+00:00","article_modified_time":"2024-07-10T00:01:26+00:00","og_image":[{"width":800,"height":600,"url":"https:\/\/www.ebc.mx\/ventana\/wp-content\/uploads\/2024\/02\/portada7.jpg","type":"image\/jpeg"}],"author":"Administrador","twitter_card":"summary_large_image","twitter_creator":"@sauljaimesmx@gmail.com","twitter_misc":{"Escrito por":"Administrador","Tiempo de lectura":"9 minutos"},"schema":{"@context":"https:\/\/schema.org","@graph":[{"@type":"Article","@id":"https:\/\/www.ebc.mx\/ventana\/ebc-en-tu-empresa\/#article","isPartOf":{"@id":"https:\/\/www.ebc.mx\/ventana\/ebc-en-tu-empresa\/"},"author":{"name":"Administrador","@id":"https:\/\/www.ebc.mx\/ventana\/#\/schema\/person\/dc331c773f36c11849cdc1fd25ba5904"},"headline":"La EBC en tu empresa: una iniciativa que trasciende nuestros principios","datePublished":"2024-02-29T19:40:48+00:00","dateModified":"2024-07-10T00:01:26+00:00","mainEntityOfPage":{"@id":"https:\/\/www.ebc.mx\/ventana\/ebc-en-tu-empresa\/"},"wordCount":1826,"image":{"@id":"https:\/\/www.ebc.mx\/ventana\/ebc-en-tu-empresa\/#primaryimage"},"thumbnailUrl":"https:\/\/www.ebc.mx\/ventana\/wp-content\/uploads\/2024\/02\/portada7.jpg","articleSection":["Factor EBC"],"inLanguage":"es"},{"@type":"WebPage","@id":"https:\/\/www.ebc.mx\/ventana\/ebc-en-tu-empresa\/","url":"https:\/\/www.ebc.mx\/ventana\/ebc-en-tu-empresa\/","name":"La EBC en tu empresa: una iniciativa que trasciende nuestros principios - Ventana | EBC","isPartOf":{"@id":"https:\/\/www.ebc.mx\/ventana\/#website"},"primaryImageOfPage":{"@id":"https:\/\/www.ebc.mx\/ventana\/ebc-en-tu-empresa\/#primaryimage"},"image":{"@id":"https:\/\/www.ebc.mx\/ventana\/ebc-en-tu-empresa\/#primaryimage"},"thumbnailUrl":"https:\/\/www.ebc.mx\/ventana\/wp-content\/uploads\/2024\/02\/portada7.jpg","datePublished":"2024-02-29T19:40:48+00:00","dateModified":"2024-07-10T00:01:26+00:00","author":{"@id":"https:\/\/www.ebc.mx\/ventana\/#\/schema\/person\/dc331c773f36c11849cdc1fd25ba5904"},"breadcrumb":{"@id":"https:\/\/www.ebc.mx\/ventana\/ebc-en-tu-empresa\/#breadcrumb"},"inLanguage":"es","potentialAction":[{"@type":"ReadAction","target":["https:\/\/www.ebc.mx\/ventana\/ebc-en-tu-empresa\/"]}]},{"@type":"ImageObject","inLanguage":"es","@id":"https:\/\/www.ebc.mx\/ventana\/ebc-en-tu-empresa\/#primaryimage","url":"https:\/\/www.ebc.mx\/ventana\/wp-content\/uploads\/2024\/02\/portada7.jpg","contentUrl":"https:\/\/www.ebc.mx\/ventana\/wp-content\/uploads\/2024\/02\/portada7.jpg","width":800,"height":600},{"@type":"BreadcrumbList","@id":"https:\/\/www.ebc.mx\/ventana\/ebc-en-tu-empresa\/#breadcrumb","itemListElement":[{"@type":"ListItem","position":1,"name":"Inicio","item":"https:\/\/www.ebc.mx\/ventana\/"},{"@type":"ListItem","position":2,"name":"La EBC en tu empresa: una iniciativa que trasciende nuestros principios"}]},{"@type":"WebSite","@id":"https:\/\/www.ebc.mx\/ventana\/#website","url":"https:\/\/www.ebc.mx\/ventana\/","name":"Ventana | EBC","description":"Portada","potentialAction":[{"@type":"SearchAction","target":{"@type":"EntryPoint","urlTemplate":"https:\/\/www.ebc.mx\/ventana\/?s={search_term_string}"},"query-input":{"@type":"PropertyValueSpecification","valueRequired":true,"valueName":"search_term_string"}}],"inLanguage":"es"},{"@type":"Person","@id":"https:\/\/www.ebc.mx\/ventana\/#\/schema\/person\/dc331c773f36c11849cdc1fd25ba5904","name":"Administrador","image":{"@type":"ImageObject","inLanguage":"es","@id":"https:\/\/secure.gravatar.com\/avatar\/38258782bd8fbeae4fb46409ef1819544da0d3c58a695848bb3b550421c49034?s=96&d=blank&r=g","url":"https:\/\/secure.gravatar.com\/avatar\/38258782bd8fbeae4fb46409ef1819544da0d3c58a695848bb3b550421c49034?s=96&d=blank&r=g","contentUrl":"https:\/\/secure.gravatar.com\/avatar\/38258782bd8fbeae4fb46409ef1819544da0d3c58a695848bb3b550421c49034?s=96&d=blank&r=g","caption":"Administrador"},"sameAs":["https:\/\/x.com\/sauljaimesmx@gmail.com"],"url":"https:\/\/www.ebc.mx\/ventana\/author\/4dm1nv3ntan42023\/"}]}},"_links":{"self":[{"href":"https:\/\/www.ebc.mx\/ventana\/wp-json\/wp\/v2\/posts\/16889","targetHints":{"allow":["GET"]}}],"collection":[{"href":"https:\/\/www.ebc.mx\/ventana\/wp-json\/wp\/v2\/posts"}],"about":[{"href":"https:\/\/www.ebc.mx\/ventana\/wp-json\/wp\/v2\/types\/post"}],"author":[{"embeddable":true,"href":"https:\/\/www.ebc.mx\/ventana\/wp-json\/wp\/v2\/users\/2"}],"replies":[{"embeddable":true,"href":"https:\/\/www.ebc.mx\/ventana\/wp-json\/wp\/v2\/comments?post=16889"}],"version-history":[{"count":7,"href":"https:\/\/www.ebc.mx\/ventana\/wp-json\/wp\/v2\/posts\/16889\/revisions"}],"predecessor-version":[{"id":17160,"href":"https:\/\/www.ebc.mx\/ventana\/wp-json\/wp\/v2\/posts\/16889\/revisions\/17160"}],"wp:featuredmedia":[{"embeddable":true,"href":"https:\/\/www.ebc.mx\/ventana\/wp-json\/wp\/v2\/media\/17011"}],"wp:attachment":[{"href":"https:\/\/www.ebc.mx\/ventana\/wp-json\/wp\/v2\/media?parent=16889"}],"wp:term":[{"taxonomy":"category","embeddable":true,"href":"https:\/\/www.ebc.mx\/ventana\/wp-json\/wp\/v2\/categories?post=16889"},{"taxonomy":"post_tag","embeddable":true,"href":"https:\/\/www.ebc.mx\/ventana\/wp-json\/wp\/v2\/tags?post=16889"}],"curies":[{"name":"wp","href":"https:\/\/api.w.org\/{rel}","templated":true}]}}