{"id":16852,"date":"2023-07-29T10:41:09","date_gmt":"2023-07-29T16:41:09","guid":{"rendered":"https:\/\/www.ebc.mx\/ventana\/?p=16852"},"modified":"2024-07-11T09:38:29","modified_gmt":"2024-07-11T15:38:29","slug":"como-utilizar-la-inteligencia-emocional-en-el-liderazgo-empresarial","status":"publish","type":"post","link":"https:\/\/www.ebc.mx\/ventana\/como-utilizar-la-inteligencia-emocional-en-el-liderazgo-empresarial\/","title":{"rendered":"\u00bfC\u00f3mo utilizar la inteligencia emocional en el liderazgo empresarial? \u00a1Lee esto!"},"content":{"rendered":"<p><strong><span class=\"title_ache_seis\">Tiempo de lectura: 8 minutos<\/span><\/strong><\/p>\n<p style=\"padding-top: 15px;\"><strong>Autor:<\/strong> <span style=\"font-weight: 400;\">Redacci\u00f3n Ventana EBC<\/span><\/p>\n<p style=\"padding-top: 15px;\"><strong>\u00cdndice de contenido<\/strong><\/p>\n<ol>\n<li><a href=\"#l1\">Definici\u00f3n y relevancia de la inteligencia emocional<\/a><\/li>\n<li><a href=\"#l2\">Descubre el poder de la educaci\u00f3n de negocios con EBC <\/a><\/li>\n<\/ol>\n\n<p style=\"padding-top: 30px;\">El panorama del liderazgo empresarial ha experimentado transformaciones significativas en las \u00faltimas d\u00e9cadas. La evoluci\u00f3n ha ido desde una orientaci\u00f3n estrat\u00e9gica centrada en la eficiencia operativa hasta un enfoque human\u00edstico que reconoce el valor intr\u00ednseco de cada individuo en la organizaci\u00f3n. \u00bfQuieres aprender y conocer m\u00e1s sobre uno de los pilares m\u00e1s vitales de esta transformaci\u00f3n como lo es la inteligencia emocional? \u00a1Ventana EBC ha preparado esta informaci\u00f3n para ti!<\/p>\n\n\n<p>Aqu\u00ed examinar\u00e1s c\u00f3mo se puede implementar la inteligencia emocional en el liderazgo empresarial para pasar de la simple gesti\u00f3n a un liderazgo e inspira, impulsando el rendimiento empresarial a trav\u00e9s de las emociones.<\/p>\n\n\n\n<h3 class=\"wp-block-heading\" id=\"l1\"><strong>Definici\u00f3n y relevancia de la inteligencia emocional<\/strong><\/h3>\n\n\n\n<p>La inteligencia emocional se define como la capacidad para reconocer, comprender y gestionar tus emociones y las de quienes te rodean. En un contexto empresarial, esto se traduce en la habilidad del l\u00edder para influir, motivar y conectar con su equipo a nivel emocional.<\/p>\n\n\n\n<p>La adopci\u00f3n de la inteligencia emocional en el liderazgo no es una mera concesi\u00f3n a las tendencias actuales, ya que est\u00e1 respaldada por investigaciones que demuestran que los l\u00edderes con alto nivel de inteligencia emocional tienden a crear climas organizacionales m\u00e1s saludables, lo que resulta en equipos m\u00e1s productivos y satisfechos.<\/p>\n\n\n\n<h3 class=\"wp-block-heading\"><strong>El tr\u00e1nsito: de la gesti\u00f3n eficaz a la inspiraci\u00f3n efectiva<\/strong><\/h3>\n\n\n\n<p>Hist\u00f3ricamente, la gesti\u00f3n ha estado enfocada en sistemas, procesos y resultados. Sin embargo, la verdadera esencia del liderazgo radica en la habilidad para inspirar y movilizar a las personas hacia una visi\u00f3n compartida. La inteligencia emocional es la herramienta que permite este tr\u00e1nsito. Descubre a continuaci\u00f3n c\u00f3mo hacerlo de forma eficiente:<\/p>\n\n\n\n<ul class=\"wp-block-list\">\n<li><strong>Autoconciencia: <\/strong>esta es la piedra angular. Un l\u00edder que tiene conciencia de las propias emociones puede tomar decisiones m\u00e1s informadas y evitar sesgos inconscientes.<\/li>\n\n\n\n<li><strong>Empat\u00eda: <\/strong>en el mundo empresarial, la empat\u00eda se traduce en la habilidad de comprender las motivaciones, deseos y preocupaciones de los empleados, permitiendo una mejor adaptaci\u00f3n de las estrategias de liderazgo.<\/li>\n\n\n\n<li><strong>Autorregulaci\u00f3n: <\/strong>la capacidad de un l\u00edder para gestionar sus emociones, especialmente en situaciones de crisis, establece un tono positivo en la organizaci\u00f3n y promueve un ambiente de confianza.<\/li>\n\n\n\n<li><strong>Habilidades interpersonales:<\/strong> estas habilidades permiten a los l\u00edderes comunicarse de manera efectiva, fomentar la colaboraci\u00f3n y resolver conflictos de manera m\u00e1s eficiente.<\/li>\n<\/ul>\n\n\n\n<h3 class=\"wp-block-heading\"><strong>Rendimiento empresarial elevado: la Intersecci\u00f3n de emoci\u00f3n y estrategia<\/strong><\/h3>\n\n\n\n<p>La adopci\u00f3n de la inteligencia emocional en el liderazgo empresarial lleva a resultados tangibles, \u00bfc\u00f3mo cu\u00e1les?<\/p>\n\n\n\n<ol class=\"wp-block-list\">\n<li><strong>Mejora en la toma de decisiones: <\/strong>la consideraci\u00f3n de las perspectivas emocionales, adem\u00e1s de los datos objetivos, lleva a decisiones m\u00e1s hol\u00edsticas.<\/li>\n\n\n\n<li><strong>Aumento en la retenci\u00f3n de talento: <\/strong>un clima organizacional saludable, impulsado por l\u00edderes emocionalmente inteligentes, reduce la rotaci\u00f3n de empleados.<\/li>\n\n\n\n<li><strong>Mayor innovaci\u00f3n:<\/strong> equipos motivados e inspirados son m\u00e1s propensos a la creatividad y la innovaci\u00f3n.<\/li>\n<\/ol>\n\n\n\n<p>Como lo lees, el papel de la inteligencia emocional en el liderazgo empresarial no deber\u00eda ser subestimado. En una \u00e9poca en la que las empresas buscan una ventaja competitiva sostenible, la capacidad de un l\u00edder para inspirar y motivar a trav\u00e9s del reconocimiento y la gesti\u00f3n de las emociones es sumamente crucial. Las escuelas de negocios de renombre, ahora m\u00e1s que nunca, est\u00e1n reconociendo y ense\u00f1ando este paradigma, preparando a la pr\u00f3xima generaci\u00f3n de l\u00edderes para enfrentar los retos del mundo empresarial con una comprensi\u00f3n emocional profunda.<\/p>\n\n\n\n<h2 class=\"wp-block-heading has-text-align-center\" id=\"l2\"><strong>Descubre el poder de la educaci\u00f3n de negocios con EBC<\/strong><\/h2>\n\n\n\n<p>El mundo de los negocios exige adaptabilidad, visi\u00f3n y habilidades s\u00f3lidas. En la Escuela Bancaria y Comercial (EBC), te ofrecemos todo eso y m\u00e1s. A trav\u00e9s de una formaci\u00f3n de calidad, no solo te ense\u00f1amos a gestionar conflictos y tomar decisiones, sino a liderar con prop\u00f3sito y pasi\u00f3n. Si aspiras a marcar la diferencia y establecer un legado en el mundo empresarial, la EBC es tu aliado ideal.<\/p>\n\n\n\n<h4 class=\"wp-block-heading has-text-align-center\"><strong>&nbsp;Porque en la EBC, no solo formamos profesionales, forjamos l\u00edderes.<\/strong><\/h4>\n\n\n\n<p><\/p>\n\n\n\n<p><\/p>\n\n\n\n<p style=\"font-size:10px\">Fuentes consultadas:<\/p>\n\n\n\n<ol class=\"wp-block-list\">\n<li style=\"font-size:10px\">https:\/\/www.gbsrecursoshumanos.com\/blog\/mejora-el-liderazgo-empresarial-a-traves-de-la-inteligencia-emocional\/#:~:text=Inteligencia%20emocional%20para%20un%20buen%20Liderazgo%20empresarial&amp;text=Para%20entender%20la%20importancia%2C%20solo,el%20m%C3%A1ximo%20provecho%20del%20trabajo.<\/li>\n\n\n\n<li style=\"font-size:10px\">https:\/\/es.linkedin.com\/pulse\/el-poder-de-la-inteligencia-emocional-en-liderazgo-%C3%A9xito-liderlab<\/li>\n<\/ol>\n","protected":false},"excerpt":{"rendered":"<p>Tiempo de lectura: 8 minutos Autor: Redacci\u00f3n Ventana EBC \u00cdndice de contenido Definici\u00f3n y relevancia de la inteligencia emocional Descubre el poder de la educaci\u00f3n de negocios con EBC El panorama del liderazgo empresarial ha experimentado transformaciones significativas en las \u00faltimas d\u00e9cadas. La evoluci\u00f3n ha ido desde una orientaci\u00f3n estrat\u00e9gica centrada en la eficiencia operativa&hellip;<\/p>\n","protected":false},"author":2,"featured_media":16853,"comment_status":"closed","ping_status":"closed","sticky":false,"template":"","format":"standard","meta":{"footnotes":""},"categories":[222],"tags":[],"class_list":["post-16852","post","type-post","status-publish","format-standard","has-post-thumbnail","hentry","category-brujula"],"yoast_head":"<!-- This site is optimized with the Yoast SEO plugin v27.3 - https:\/\/yoast.com\/product\/yoast-seo-wordpress\/ -->\n<title>\u00bfC\u00f3mo utilizar la inteligencia emocional en el liderazgo empresarial? \u00a1Lee esto! - Ventana | EBC<\/title>\n<meta name=\"robots\" content=\"index, follow, max-snippet:-1, max-image-preview:large, max-video-preview:-1\" \/>\n<link rel=\"canonical\" href=\"https:\/\/www.ebc.mx\/ventana\/como-utilizar-la-inteligencia-emocional-en-el-liderazgo-empresarial\/\" \/>\n<meta property=\"og:locale\" content=\"es_MX\" \/>\n<meta property=\"og:type\" content=\"article\" \/>\n<meta property=\"og:title\" content=\"\u00bfC\u00f3mo utilizar la inteligencia emocional en el liderazgo empresarial? \u00a1Lee esto! - Ventana | EBC\" \/>\n<meta property=\"og:description\" content=\"Tiempo de lectura: 8 minutos Autor: Redacci\u00f3n Ventana EBC \u00cdndice de contenido Definici\u00f3n y relevancia de la inteligencia emocional Descubre el poder de la educaci\u00f3n de negocios con EBC El panorama del liderazgo empresarial ha experimentado transformaciones significativas en las \u00faltimas d\u00e9cadas. La evoluci\u00f3n ha ido desde una orientaci\u00f3n estrat\u00e9gica centrada en la eficiencia operativa&hellip;\" \/>\n<meta property=\"og:url\" content=\"https:\/\/www.ebc.mx\/ventana\/como-utilizar-la-inteligencia-emocional-en-el-liderazgo-empresarial\/\" \/>\n<meta property=\"og:site_name\" content=\"Ventana | EBC\" \/>\n<meta property=\"article:published_time\" content=\"2023-07-29T16:41:09+00:00\" \/>\n<meta property=\"article:modified_time\" content=\"2024-07-11T15:38:29+00:00\" \/>\n<meta property=\"og:image\" content=\"https:\/\/www.ebc.mx\/ventana\/wp-content\/uploads\/2024\/04\/P2-min.jpg\" \/>\n\t<meta property=\"og:image:width\" content=\"800\" \/>\n\t<meta property=\"og:image:height\" content=\"600\" \/>\n\t<meta property=\"og:image:type\" content=\"image\/jpeg\" \/>\n<meta name=\"author\" content=\"Administrador\" \/>\n<meta name=\"twitter:card\" content=\"summary_large_image\" \/>\n<meta name=\"twitter:creator\" content=\"@sauljaimesmx@gmail.com\" \/>\n<meta name=\"twitter:label1\" content=\"Escrito por\" \/>\n\t<meta name=\"twitter:data1\" content=\"Administrador\" \/>\n\t<meta name=\"twitter:label2\" content=\"Tiempo de lectura\" \/>\n\t<meta name=\"twitter:data2\" content=\"4 minutos\" \/>\n<script type=\"application\/ld+json\" class=\"yoast-schema-graph\">{\"@context\":\"https:\\\/\\\/schema.org\",\"@graph\":[{\"@type\":\"Article\",\"@id\":\"https:\\\/\\\/www.ebc.mx\\\/ventana\\\/como-utilizar-la-inteligencia-emocional-en-el-liderazgo-empresarial\\\/#article\",\"isPartOf\":{\"@id\":\"https:\\\/\\\/www.ebc.mx\\\/ventana\\\/como-utilizar-la-inteligencia-emocional-en-el-liderazgo-empresarial\\\/\"},\"author\":{\"name\":\"Administrador\",\"@id\":\"https:\\\/\\\/www.ebc.mx\\\/ventana\\\/#\\\/schema\\\/person\\\/dc331c773f36c11849cdc1fd25ba5904\"},\"headline\":\"\u00bfC\u00f3mo utilizar la inteligencia emocional en el liderazgo empresarial? \u00a1Lee esto!\",\"datePublished\":\"2023-07-29T16:41:09+00:00\",\"dateModified\":\"2024-07-11T15:38:29+00:00\",\"mainEntityOfPage\":{\"@id\":\"https:\\\/\\\/www.ebc.mx\\\/ventana\\\/como-utilizar-la-inteligencia-emocional-en-el-liderazgo-empresarial\\\/\"},\"wordCount\":791,\"image\":{\"@id\":\"https:\\\/\\\/www.ebc.mx\\\/ventana\\\/como-utilizar-la-inteligencia-emocional-en-el-liderazgo-empresarial\\\/#primaryimage\"},\"thumbnailUrl\":\"https:\\\/\\\/www.ebc.mx\\\/ventana\\\/wp-content\\\/uploads\\\/2024\\\/04\\\/P2-min.jpg\",\"articleSection\":[\"Br\u00fajula\"],\"inLanguage\":\"es\"},{\"@type\":\"WebPage\",\"@id\":\"https:\\\/\\\/www.ebc.mx\\\/ventana\\\/como-utilizar-la-inteligencia-emocional-en-el-liderazgo-empresarial\\\/\",\"url\":\"https:\\\/\\\/www.ebc.mx\\\/ventana\\\/como-utilizar-la-inteligencia-emocional-en-el-liderazgo-empresarial\\\/\",\"name\":\"\u00bfC\u00f3mo utilizar la inteligencia emocional en el liderazgo empresarial? \u00a1Lee esto! - Ventana | EBC\",\"isPartOf\":{\"@id\":\"https:\\\/\\\/www.ebc.mx\\\/ventana\\\/#website\"},\"primaryImageOfPage\":{\"@id\":\"https:\\\/\\\/www.ebc.mx\\\/ventana\\\/como-utilizar-la-inteligencia-emocional-en-el-liderazgo-empresarial\\\/#primaryimage\"},\"image\":{\"@id\":\"https:\\\/\\\/www.ebc.mx\\\/ventana\\\/como-utilizar-la-inteligencia-emocional-en-el-liderazgo-empresarial\\\/#primaryimage\"},\"thumbnailUrl\":\"https:\\\/\\\/www.ebc.mx\\\/ventana\\\/wp-content\\\/uploads\\\/2024\\\/04\\\/P2-min.jpg\",\"datePublished\":\"2023-07-29T16:41:09+00:00\",\"dateModified\":\"2024-07-11T15:38:29+00:00\",\"author\":{\"@id\":\"https:\\\/\\\/www.ebc.mx\\\/ventana\\\/#\\\/schema\\\/person\\\/dc331c773f36c11849cdc1fd25ba5904\"},\"breadcrumb\":{\"@id\":\"https:\\\/\\\/www.ebc.mx\\\/ventana\\\/como-utilizar-la-inteligencia-emocional-en-el-liderazgo-empresarial\\\/#breadcrumb\"},\"inLanguage\":\"es\",\"potentialAction\":[{\"@type\":\"ReadAction\",\"target\":[\"https:\\\/\\\/www.ebc.mx\\\/ventana\\\/como-utilizar-la-inteligencia-emocional-en-el-liderazgo-empresarial\\\/\"]}]},{\"@type\":\"ImageObject\",\"inLanguage\":\"es\",\"@id\":\"https:\\\/\\\/www.ebc.mx\\\/ventana\\\/como-utilizar-la-inteligencia-emocional-en-el-liderazgo-empresarial\\\/#primaryimage\",\"url\":\"https:\\\/\\\/www.ebc.mx\\\/ventana\\\/wp-content\\\/uploads\\\/2024\\\/04\\\/P2-min.jpg\",\"contentUrl\":\"https:\\\/\\\/www.ebc.mx\\\/ventana\\\/wp-content\\\/uploads\\\/2024\\\/04\\\/P2-min.jpg\",\"width\":800,\"height\":600},{\"@type\":\"BreadcrumbList\",\"@id\":\"https:\\\/\\\/www.ebc.mx\\\/ventana\\\/como-utilizar-la-inteligencia-emocional-en-el-liderazgo-empresarial\\\/#breadcrumb\",\"itemListElement\":[{\"@type\":\"ListItem\",\"position\":1,\"name\":\"Inicio\",\"item\":\"https:\\\/\\\/www.ebc.mx\\\/ventana\\\/\"},{\"@type\":\"ListItem\",\"position\":2,\"name\":\"\u00bfC\u00f3mo utilizar la inteligencia emocional en el liderazgo empresarial? \u00a1Lee esto!\"}]},{\"@type\":\"WebSite\",\"@id\":\"https:\\\/\\\/www.ebc.mx\\\/ventana\\\/#website\",\"url\":\"https:\\\/\\\/www.ebc.mx\\\/ventana\\\/\",\"name\":\"Ventana | EBC\",\"description\":\"Portada\",\"potentialAction\":[{\"@type\":\"SearchAction\",\"target\":{\"@type\":\"EntryPoint\",\"urlTemplate\":\"https:\\\/\\\/www.ebc.mx\\\/ventana\\\/?s={search_term_string}\"},\"query-input\":{\"@type\":\"PropertyValueSpecification\",\"valueRequired\":true,\"valueName\":\"search_term_string\"}}],\"inLanguage\":\"es\"},{\"@type\":\"Person\",\"@id\":\"https:\\\/\\\/www.ebc.mx\\\/ventana\\\/#\\\/schema\\\/person\\\/dc331c773f36c11849cdc1fd25ba5904\",\"name\":\"Administrador\",\"image\":{\"@type\":\"ImageObject\",\"inLanguage\":\"es\",\"@id\":\"https:\\\/\\\/secure.gravatar.com\\\/avatar\\\/38258782bd8fbeae4fb46409ef1819544da0d3c58a695848bb3b550421c49034?s=96&d=blank&r=g\",\"url\":\"https:\\\/\\\/secure.gravatar.com\\\/avatar\\\/38258782bd8fbeae4fb46409ef1819544da0d3c58a695848bb3b550421c49034?s=96&d=blank&r=g\",\"contentUrl\":\"https:\\\/\\\/secure.gravatar.com\\\/avatar\\\/38258782bd8fbeae4fb46409ef1819544da0d3c58a695848bb3b550421c49034?s=96&d=blank&r=g\",\"caption\":\"Administrador\"},\"sameAs\":[\"https:\\\/\\\/x.com\\\/sauljaimesmx@gmail.com\"],\"url\":\"https:\\\/\\\/www.ebc.mx\\\/ventana\\\/author\\\/4dm1nv3ntan42023\\\/\"}]}<\/script>\n<!-- \/ Yoast SEO plugin. -->","yoast_head_json":{"title":"\u00bfC\u00f3mo utilizar la inteligencia emocional en el liderazgo empresarial? \u00a1Lee esto! - Ventana | EBC","robots":{"index":"index","follow":"follow","max-snippet":"max-snippet:-1","max-image-preview":"max-image-preview:large","max-video-preview":"max-video-preview:-1"},"canonical":"https:\/\/www.ebc.mx\/ventana\/como-utilizar-la-inteligencia-emocional-en-el-liderazgo-empresarial\/","og_locale":"es_MX","og_type":"article","og_title":"\u00bfC\u00f3mo utilizar la inteligencia emocional en el liderazgo empresarial? \u00a1Lee esto! - Ventana | EBC","og_description":"Tiempo de lectura: 8 minutos Autor: Redacci\u00f3n Ventana EBC \u00cdndice de contenido Definici\u00f3n y relevancia de la inteligencia emocional Descubre el poder de la educaci\u00f3n de negocios con EBC El panorama del liderazgo empresarial ha experimentado transformaciones significativas en las \u00faltimas d\u00e9cadas. La evoluci\u00f3n ha ido desde una orientaci\u00f3n estrat\u00e9gica centrada en la eficiencia operativa&hellip;","og_url":"https:\/\/www.ebc.mx\/ventana\/como-utilizar-la-inteligencia-emocional-en-el-liderazgo-empresarial\/","og_site_name":"Ventana | EBC","article_published_time":"2023-07-29T16:41:09+00:00","article_modified_time":"2024-07-11T15:38:29+00:00","og_image":[{"width":800,"height":600,"url":"https:\/\/www.ebc.mx\/ventana\/wp-content\/uploads\/2024\/04\/P2-min.jpg","type":"image\/jpeg"}],"author":"Administrador","twitter_card":"summary_large_image","twitter_creator":"@sauljaimesmx@gmail.com","twitter_misc":{"Escrito por":"Administrador","Tiempo de lectura":"4 minutos"},"schema":{"@context":"https:\/\/schema.org","@graph":[{"@type":"Article","@id":"https:\/\/www.ebc.mx\/ventana\/como-utilizar-la-inteligencia-emocional-en-el-liderazgo-empresarial\/#article","isPartOf":{"@id":"https:\/\/www.ebc.mx\/ventana\/como-utilizar-la-inteligencia-emocional-en-el-liderazgo-empresarial\/"},"author":{"name":"Administrador","@id":"https:\/\/www.ebc.mx\/ventana\/#\/schema\/person\/dc331c773f36c11849cdc1fd25ba5904"},"headline":"\u00bfC\u00f3mo utilizar la inteligencia emocional en el liderazgo empresarial? \u00a1Lee esto!","datePublished":"2023-07-29T16:41:09+00:00","dateModified":"2024-07-11T15:38:29+00:00","mainEntityOfPage":{"@id":"https:\/\/www.ebc.mx\/ventana\/como-utilizar-la-inteligencia-emocional-en-el-liderazgo-empresarial\/"},"wordCount":791,"image":{"@id":"https:\/\/www.ebc.mx\/ventana\/como-utilizar-la-inteligencia-emocional-en-el-liderazgo-empresarial\/#primaryimage"},"thumbnailUrl":"https:\/\/www.ebc.mx\/ventana\/wp-content\/uploads\/2024\/04\/P2-min.jpg","articleSection":["Br\u00fajula"],"inLanguage":"es"},{"@type":"WebPage","@id":"https:\/\/www.ebc.mx\/ventana\/como-utilizar-la-inteligencia-emocional-en-el-liderazgo-empresarial\/","url":"https:\/\/www.ebc.mx\/ventana\/como-utilizar-la-inteligencia-emocional-en-el-liderazgo-empresarial\/","name":"\u00bfC\u00f3mo utilizar la inteligencia emocional en el liderazgo empresarial? \u00a1Lee esto! - Ventana | EBC","isPartOf":{"@id":"https:\/\/www.ebc.mx\/ventana\/#website"},"primaryImageOfPage":{"@id":"https:\/\/www.ebc.mx\/ventana\/como-utilizar-la-inteligencia-emocional-en-el-liderazgo-empresarial\/#primaryimage"},"image":{"@id":"https:\/\/www.ebc.mx\/ventana\/como-utilizar-la-inteligencia-emocional-en-el-liderazgo-empresarial\/#primaryimage"},"thumbnailUrl":"https:\/\/www.ebc.mx\/ventana\/wp-content\/uploads\/2024\/04\/P2-min.jpg","datePublished":"2023-07-29T16:41:09+00:00","dateModified":"2024-07-11T15:38:29+00:00","author":{"@id":"https:\/\/www.ebc.mx\/ventana\/#\/schema\/person\/dc331c773f36c11849cdc1fd25ba5904"},"breadcrumb":{"@id":"https:\/\/www.ebc.mx\/ventana\/como-utilizar-la-inteligencia-emocional-en-el-liderazgo-empresarial\/#breadcrumb"},"inLanguage":"es","potentialAction":[{"@type":"ReadAction","target":["https:\/\/www.ebc.mx\/ventana\/como-utilizar-la-inteligencia-emocional-en-el-liderazgo-empresarial\/"]}]},{"@type":"ImageObject","inLanguage":"es","@id":"https:\/\/www.ebc.mx\/ventana\/como-utilizar-la-inteligencia-emocional-en-el-liderazgo-empresarial\/#primaryimage","url":"https:\/\/www.ebc.mx\/ventana\/wp-content\/uploads\/2024\/04\/P2-min.jpg","contentUrl":"https:\/\/www.ebc.mx\/ventana\/wp-content\/uploads\/2024\/04\/P2-min.jpg","width":800,"height":600},{"@type":"BreadcrumbList","@id":"https:\/\/www.ebc.mx\/ventana\/como-utilizar-la-inteligencia-emocional-en-el-liderazgo-empresarial\/#breadcrumb","itemListElement":[{"@type":"ListItem","position":1,"name":"Inicio","item":"https:\/\/www.ebc.mx\/ventana\/"},{"@type":"ListItem","position":2,"name":"\u00bfC\u00f3mo utilizar la inteligencia emocional en el liderazgo empresarial? \u00a1Lee esto!"}]},{"@type":"WebSite","@id":"https:\/\/www.ebc.mx\/ventana\/#website","url":"https:\/\/www.ebc.mx\/ventana\/","name":"Ventana | EBC","description":"Portada","potentialAction":[{"@type":"SearchAction","target":{"@type":"EntryPoint","urlTemplate":"https:\/\/www.ebc.mx\/ventana\/?s={search_term_string}"},"query-input":{"@type":"PropertyValueSpecification","valueRequired":true,"valueName":"search_term_string"}}],"inLanguage":"es"},{"@type":"Person","@id":"https:\/\/www.ebc.mx\/ventana\/#\/schema\/person\/dc331c773f36c11849cdc1fd25ba5904","name":"Administrador","image":{"@type":"ImageObject","inLanguage":"es","@id":"https:\/\/secure.gravatar.com\/avatar\/38258782bd8fbeae4fb46409ef1819544da0d3c58a695848bb3b550421c49034?s=96&d=blank&r=g","url":"https:\/\/secure.gravatar.com\/avatar\/38258782bd8fbeae4fb46409ef1819544da0d3c58a695848bb3b550421c49034?s=96&d=blank&r=g","contentUrl":"https:\/\/secure.gravatar.com\/avatar\/38258782bd8fbeae4fb46409ef1819544da0d3c58a695848bb3b550421c49034?s=96&d=blank&r=g","caption":"Administrador"},"sameAs":["https:\/\/x.com\/sauljaimesmx@gmail.com"],"url":"https:\/\/www.ebc.mx\/ventana\/author\/4dm1nv3ntan42023\/"}]}},"_links":{"self":[{"href":"https:\/\/www.ebc.mx\/ventana\/wp-json\/wp\/v2\/posts\/16852","targetHints":{"allow":["GET"]}}],"collection":[{"href":"https:\/\/www.ebc.mx\/ventana\/wp-json\/wp\/v2\/posts"}],"about":[{"href":"https:\/\/www.ebc.mx\/ventana\/wp-json\/wp\/v2\/types\/post"}],"author":[{"embeddable":true,"href":"https:\/\/www.ebc.mx\/ventana\/wp-json\/wp\/v2\/users\/2"}],"replies":[{"embeddable":true,"href":"https:\/\/www.ebc.mx\/ventana\/wp-json\/wp\/v2\/comments?post=16852"}],"version-history":[{"count":2,"href":"https:\/\/www.ebc.mx\/ventana\/wp-json\/wp\/v2\/posts\/16852\/revisions"}],"predecessor-version":[{"id":17313,"href":"https:\/\/www.ebc.mx\/ventana\/wp-json\/wp\/v2\/posts\/16852\/revisions\/17313"}],"wp:featuredmedia":[{"embeddable":true,"href":"https:\/\/www.ebc.mx\/ventana\/wp-json\/wp\/v2\/media\/16853"}],"wp:attachment":[{"href":"https:\/\/www.ebc.mx\/ventana\/wp-json\/wp\/v2\/media?parent=16852"}],"wp:term":[{"taxonomy":"category","embeddable":true,"href":"https:\/\/www.ebc.mx\/ventana\/wp-json\/wp\/v2\/categories?post=16852"},{"taxonomy":"post_tag","embeddable":true,"href":"https:\/\/www.ebc.mx\/ventana\/wp-json\/wp\/v2\/tags?post=16852"}],"curies":[{"name":"wp","href":"https:\/\/api.w.org\/{rel}","templated":true}]}}