{"id":16755,"date":"2024-02-20T17:53:39","date_gmt":"2024-02-20T23:53:39","guid":{"rendered":"https:\/\/www.ebc.mx\/ventana\/?p=16755"},"modified":"2024-07-09T18:10:43","modified_gmt":"2024-07-10T00:10:43","slug":"feria-nacional-de-empleo-2024","status":"publish","type":"post","link":"https:\/\/www.ebc.mx\/ventana\/feria-nacional-de-empleo-2024\/","title":{"rendered":"Feria de Empleo EBC 2024:  Tour de Empleabilidad"},"content":{"rendered":"<p><iframe title=\"Feria Nacional de Empleo EBC 2024\" width=\"1350\" height=\"759\" data-trx-lazyload-src=\"https:\/\/www.youtube.com\/embed\/mcEh0w9Bkcg?feature=oembed\" frameborder=\"0\" allow=\"accelerometer; autoplay; clipboard-write; encrypted-media; gyroscope; picture-in-picture; web-share\" referrerpolicy=\"strict-origin-when-cross-origin\" allowfullscreen><\/iframe><\/p>\n<p style=\"padding-top: 15px;\"><strong><span class=\"title_ache_seis\">Tiempo de lectura: 2 minutos<\/span><\/strong><\/p>\n<p style=\"padding-top: 15px;\"><strong>Autor: <\/strong><span style=\"font-weight: 400;\">Lic. Marisol Eustaquio<\/span><\/p>\n<p><span style=\"font-weight: 400;\"> Jefatura de Vinculaci\u00f3n Empresarial Rector\u00eda EBC<\/span><\/p>\n<p style=\"padding-top: 30px;\"><span style=\"font-weight: 400;\">Con el firme prop\u00f3sito de crear un punto de encuentro entre el \u00e1mbito laboral y nuestro talento destacado, la EBC, mediante el \u00e1rea de Vinculaci\u00f3n Empresarial, tiene el placer de organizar este a\u00f1o la <\/span><b>Feria de Empleo EBC 2024: Tour de Empleabilidad<\/b><span style=\"font-weight: 400;\">. Este evento ha sido concebido y desarrollado espec\u00edficamente para nuestra comunidad de estudiantes y exalumnos.<\/span><\/p>\n<p style=\"padding-top: 15px;\"><span style=\"font-weight: 400;\">Para esta edici\u00f3n, esperamos contar con la participaci\u00f3n de m\u00e1s de 400 empresas de prestigio nacional e internacional, con el fin de brindar a nuestros estudiantes y egresados la oportunidad de vincularse con algunas de las mejores firmas del pa\u00eds.<\/span><\/p>\n<p style=\"padding-top: 15px;\"><span style=\"font-weight: 400;\">Uno de los aspectos m\u00e1s destacados de este evento es la apertura de cada campus de la EBC a nuestras empresas colaboradoras en diferentes d\u00edas de abril. Esta estrategia multisede est\u00e1 dise\u00f1ada para potenciar las oportunidades de interacci\u00f3n entre los empleadores y los futuros profesionales, creando un ambiente ideal para el intercambio de ideas y la exploraci\u00f3n de oportunidades laborales.<\/span><\/p>\n<p style=\"padding-top: 15px;\"><span style=\"font-weight: 400;\">Extendemos una cordial invitaci\u00f3n a todos los interesados a organizar su participaci\u00f3n en las sedes que sean de su inter\u00e9s, para sacar el m\u00e1ximo provecho a esta experiencia \u00fanica de networking y reclutamiento. <\/span><b>La Feria de Empleo EBC 2024: Tour de Empleabilidad<\/b><span style=\"font-weight: 400;\"> no se limita s\u00f3lo a aquellos en b\u00fasqueda de empleo inmediato, sino que tambi\u00e9n presenta convocatorias para pasant\u00edas, oportunidades de servicio social, pr\u00e1cticas profesionales y mucho m\u00e1s.<\/span><\/p>\n<p style=\"padding-top: 15px;\"><span style=\"font-weight: 400;\">El Tour de Empleabilidad EBC simboliza m\u00e1s que una feria de empleo convencional, es un acontecimiento distintivo que refleja nuestro compromiso inquebrantable con el \u00e9xito profesional y personal de nuestros estudiantes y egresados.<\/span><\/p>\n<p style=\"padding-top: 15px;\"><b>\u00a1Nos llena de entusiasmo dar la bienvenida a empresas y participantes a esta formidable jornada de crecimiento y excelencia profesional!<\/b><\/p>\n<p style=\"padding-top: 15px;\"><span style=\"font-weight: 400;\">Este a\u00f1o la experiencia ser\u00e1 a\u00fan m\u00e1s emocionante, cada campus llevar\u00e1 a cabo su propia feria en d\u00edas espec\u00edficos. <\/span><span style=\"font-weight: 400;\">Te invitamos a consultar el calendario y registro de todas las Ferias de los Campus EBC en:<\/span><\/p>\n\n\n<div class=\"wp-block-buttons is-content-justification-center is-layout-flex wp-container-core-buttons-is-layout-16018d1d wp-block-buttons-is-layout-flex\">\n<div class=\"wp-block-button\"><a class=\"wp-block-button__link has-black-color has-text-link-background-color has-text-color has-background has-link-color has-text-align-center wp-element-button\" href=\"https:\/\/www.ebc.mx\/pdf\/CALENDARIO_1201_ALUMNOS.pdf\">DESCARGAR CALENDARIO DE FERIA DE EMPLEO<\/a><\/div>\n<\/div>\n","protected":false},"excerpt":{"rendered":"<p>Tiempo de lectura: 2 minutos Autor: Lic. Marisol Eustaquio Jefatura de Vinculaci\u00f3n Empresarial Rector\u00eda EBC Con el firme prop\u00f3sito de crear un punto de encuentro entre el \u00e1mbito laboral y nuestro talento destacado, la EBC, mediante el \u00e1rea de Vinculaci\u00f3n Empresarial, tiene el placer de organizar este a\u00f1o la Feria de Empleo EBC 2024: Tour&hellip;<\/p>\n","protected":false},"author":2,"featured_media":0,"comment_status":"closed","ping_status":"closed","sticky":false,"template":"","format":"standard","meta":{"footnotes":""},"categories":[224],"tags":[],"class_list":["post-16755","post","type-post","status-publish","format-standard","hentry","category-factor-ebc"],"yoast_head":"<!-- This site is optimized with the Yoast SEO plugin v27.3 - https:\/\/yoast.com\/product\/yoast-seo-wordpress\/ -->\n<title>Feria de Empleo EBC 2024: Tour de Empleabilidad - Ventana | EBC<\/title>\n<meta name=\"robots\" content=\"index, follow, max-snippet:-1, max-image-preview:large, max-video-preview:-1\" \/>\n<link rel=\"canonical\" href=\"https:\/\/www.ebc.mx\/ventana\/feria-nacional-de-empleo-2024\/\" \/>\n<meta property=\"og:locale\" content=\"es_MX\" \/>\n<meta property=\"og:type\" content=\"article\" \/>\n<meta property=\"og:title\" content=\"Feria de Empleo EBC 2024: Tour de Empleabilidad - Ventana | EBC\" \/>\n<meta property=\"og:description\" content=\"Tiempo de lectura: 2 minutos Autor: Lic. Marisol Eustaquio Jefatura de Vinculaci\u00f3n Empresarial Rector\u00eda EBC Con el firme prop\u00f3sito de crear un punto de encuentro entre el \u00e1mbito laboral y nuestro talento destacado, la EBC, mediante el \u00e1rea de Vinculaci\u00f3n Empresarial, tiene el placer de organizar este a\u00f1o la Feria de Empleo EBC 2024: Tour&hellip;\" \/>\n<meta property=\"og:url\" content=\"https:\/\/www.ebc.mx\/ventana\/feria-nacional-de-empleo-2024\/\" \/>\n<meta property=\"og:site_name\" content=\"Ventana | EBC\" \/>\n<meta property=\"article:published_time\" content=\"2024-02-20T23:53:39+00:00\" \/>\n<meta property=\"article:modified_time\" content=\"2024-07-10T00:10:43+00:00\" \/>\n<meta name=\"author\" content=\"Administrador\" \/>\n<meta name=\"twitter:card\" content=\"summary_large_image\" \/>\n<meta name=\"twitter:creator\" content=\"@sauljaimesmx@gmail.com\" \/>\n<meta name=\"twitter:label1\" content=\"Escrito por\" \/>\n\t<meta name=\"twitter:data1\" content=\"Administrador\" \/>\n\t<meta name=\"twitter:label2\" content=\"Tiempo de lectura\" \/>\n\t<meta name=\"twitter:data2\" content=\"2 minutos\" \/>\n<script type=\"application\/ld+json\" class=\"yoast-schema-graph\">{\"@context\":\"https:\\\/\\\/schema.org\",\"@graph\":[{\"@type\":\"Article\",\"@id\":\"https:\\\/\\\/www.ebc.mx\\\/ventana\\\/feria-nacional-de-empleo-2024\\\/#article\",\"isPartOf\":{\"@id\":\"https:\\\/\\\/www.ebc.mx\\\/ventana\\\/feria-nacional-de-empleo-2024\\\/\"},\"author\":{\"name\":\"Administrador\",\"@id\":\"https:\\\/\\\/www.ebc.mx\\\/ventana\\\/#\\\/schema\\\/person\\\/dc331c773f36c11849cdc1fd25ba5904\"},\"headline\":\"Feria de Empleo EBC 2024: Tour de Empleabilidad\",\"datePublished\":\"2024-02-20T23:53:39+00:00\",\"dateModified\":\"2024-07-10T00:10:43+00:00\",\"mainEntityOfPage\":{\"@id\":\"https:\\\/\\\/www.ebc.mx\\\/ventana\\\/feria-nacional-de-empleo-2024\\\/\"},\"wordCount\":381,\"articleSection\":[\"Factor EBC\"],\"inLanguage\":\"es\"},{\"@type\":\"WebPage\",\"@id\":\"https:\\\/\\\/www.ebc.mx\\\/ventana\\\/feria-nacional-de-empleo-2024\\\/\",\"url\":\"https:\\\/\\\/www.ebc.mx\\\/ventana\\\/feria-nacional-de-empleo-2024\\\/\",\"name\":\"Feria de Empleo EBC 2024: Tour de Empleabilidad - Ventana | EBC\",\"isPartOf\":{\"@id\":\"https:\\\/\\\/www.ebc.mx\\\/ventana\\\/#website\"},\"datePublished\":\"2024-02-20T23:53:39+00:00\",\"dateModified\":\"2024-07-10T00:10:43+00:00\",\"author\":{\"@id\":\"https:\\\/\\\/www.ebc.mx\\\/ventana\\\/#\\\/schema\\\/person\\\/dc331c773f36c11849cdc1fd25ba5904\"},\"breadcrumb\":{\"@id\":\"https:\\\/\\\/www.ebc.mx\\\/ventana\\\/feria-nacional-de-empleo-2024\\\/#breadcrumb\"},\"inLanguage\":\"es\",\"potentialAction\":[{\"@type\":\"ReadAction\",\"target\":[\"https:\\\/\\\/www.ebc.mx\\\/ventana\\\/feria-nacional-de-empleo-2024\\\/\"]}]},{\"@type\":\"BreadcrumbList\",\"@id\":\"https:\\\/\\\/www.ebc.mx\\\/ventana\\\/feria-nacional-de-empleo-2024\\\/#breadcrumb\",\"itemListElement\":[{\"@type\":\"ListItem\",\"position\":1,\"name\":\"Inicio\",\"item\":\"https:\\\/\\\/www.ebc.mx\\\/ventana\\\/\"},{\"@type\":\"ListItem\",\"position\":2,\"name\":\"Feria de Empleo EBC 2024: Tour de Empleabilidad\"}]},{\"@type\":\"WebSite\",\"@id\":\"https:\\\/\\\/www.ebc.mx\\\/ventana\\\/#website\",\"url\":\"https:\\\/\\\/www.ebc.mx\\\/ventana\\\/\",\"name\":\"Ventana | EBC\",\"description\":\"Portada\",\"potentialAction\":[{\"@type\":\"SearchAction\",\"target\":{\"@type\":\"EntryPoint\",\"urlTemplate\":\"https:\\\/\\\/www.ebc.mx\\\/ventana\\\/?s={search_term_string}\"},\"query-input\":{\"@type\":\"PropertyValueSpecification\",\"valueRequired\":true,\"valueName\":\"search_term_string\"}}],\"inLanguage\":\"es\"},{\"@type\":\"Person\",\"@id\":\"https:\\\/\\\/www.ebc.mx\\\/ventana\\\/#\\\/schema\\\/person\\\/dc331c773f36c11849cdc1fd25ba5904\",\"name\":\"Administrador\",\"image\":{\"@type\":\"ImageObject\",\"inLanguage\":\"es\",\"@id\":\"https:\\\/\\\/secure.gravatar.com\\\/avatar\\\/38258782bd8fbeae4fb46409ef1819544da0d3c58a695848bb3b550421c49034?s=96&d=blank&r=g\",\"url\":\"https:\\\/\\\/secure.gravatar.com\\\/avatar\\\/38258782bd8fbeae4fb46409ef1819544da0d3c58a695848bb3b550421c49034?s=96&d=blank&r=g\",\"contentUrl\":\"https:\\\/\\\/secure.gravatar.com\\\/avatar\\\/38258782bd8fbeae4fb46409ef1819544da0d3c58a695848bb3b550421c49034?s=96&d=blank&r=g\",\"caption\":\"Administrador\"},\"sameAs\":[\"https:\\\/\\\/x.com\\\/sauljaimesmx@gmail.com\"],\"url\":\"https:\\\/\\\/www.ebc.mx\\\/ventana\\\/author\\\/4dm1nv3ntan42023\\\/\"}]}<\/script>\n<!-- \/ Yoast SEO plugin. -->","yoast_head_json":{"title":"Feria de Empleo EBC 2024: Tour de Empleabilidad - Ventana | EBC","robots":{"index":"index","follow":"follow","max-snippet":"max-snippet:-1","max-image-preview":"max-image-preview:large","max-video-preview":"max-video-preview:-1"},"canonical":"https:\/\/www.ebc.mx\/ventana\/feria-nacional-de-empleo-2024\/","og_locale":"es_MX","og_type":"article","og_title":"Feria de Empleo EBC 2024: Tour de Empleabilidad - Ventana | EBC","og_description":"Tiempo de lectura: 2 minutos Autor: Lic. Marisol Eustaquio Jefatura de Vinculaci\u00f3n Empresarial Rector\u00eda EBC Con el firme prop\u00f3sito de crear un punto de encuentro entre el \u00e1mbito laboral y nuestro talento destacado, la EBC, mediante el \u00e1rea de Vinculaci\u00f3n Empresarial, tiene el placer de organizar este a\u00f1o la Feria de Empleo EBC 2024: Tour&hellip;","og_url":"https:\/\/www.ebc.mx\/ventana\/feria-nacional-de-empleo-2024\/","og_site_name":"Ventana | EBC","article_published_time":"2024-02-20T23:53:39+00:00","article_modified_time":"2024-07-10T00:10:43+00:00","author":"Administrador","twitter_card":"summary_large_image","twitter_creator":"@sauljaimesmx@gmail.com","twitter_misc":{"Escrito por":"Administrador","Tiempo de lectura":"2 minutos"},"schema":{"@context":"https:\/\/schema.org","@graph":[{"@type":"Article","@id":"https:\/\/www.ebc.mx\/ventana\/feria-nacional-de-empleo-2024\/#article","isPartOf":{"@id":"https:\/\/www.ebc.mx\/ventana\/feria-nacional-de-empleo-2024\/"},"author":{"name":"Administrador","@id":"https:\/\/www.ebc.mx\/ventana\/#\/schema\/person\/dc331c773f36c11849cdc1fd25ba5904"},"headline":"Feria de Empleo EBC 2024: Tour de Empleabilidad","datePublished":"2024-02-20T23:53:39+00:00","dateModified":"2024-07-10T00:10:43+00:00","mainEntityOfPage":{"@id":"https:\/\/www.ebc.mx\/ventana\/feria-nacional-de-empleo-2024\/"},"wordCount":381,"articleSection":["Factor EBC"],"inLanguage":"es"},{"@type":"WebPage","@id":"https:\/\/www.ebc.mx\/ventana\/feria-nacional-de-empleo-2024\/","url":"https:\/\/www.ebc.mx\/ventana\/feria-nacional-de-empleo-2024\/","name":"Feria de Empleo EBC 2024: Tour de Empleabilidad - Ventana | EBC","isPartOf":{"@id":"https:\/\/www.ebc.mx\/ventana\/#website"},"datePublished":"2024-02-20T23:53:39+00:00","dateModified":"2024-07-10T00:10:43+00:00","author":{"@id":"https:\/\/www.ebc.mx\/ventana\/#\/schema\/person\/dc331c773f36c11849cdc1fd25ba5904"},"breadcrumb":{"@id":"https:\/\/www.ebc.mx\/ventana\/feria-nacional-de-empleo-2024\/#breadcrumb"},"inLanguage":"es","potentialAction":[{"@type":"ReadAction","target":["https:\/\/www.ebc.mx\/ventana\/feria-nacional-de-empleo-2024\/"]}]},{"@type":"BreadcrumbList","@id":"https:\/\/www.ebc.mx\/ventana\/feria-nacional-de-empleo-2024\/#breadcrumb","itemListElement":[{"@type":"ListItem","position":1,"name":"Inicio","item":"https:\/\/www.ebc.mx\/ventana\/"},{"@type":"ListItem","position":2,"name":"Feria de Empleo EBC 2024: Tour de Empleabilidad"}]},{"@type":"WebSite","@id":"https:\/\/www.ebc.mx\/ventana\/#website","url":"https:\/\/www.ebc.mx\/ventana\/","name":"Ventana | EBC","description":"Portada","potentialAction":[{"@type":"SearchAction","target":{"@type":"EntryPoint","urlTemplate":"https:\/\/www.ebc.mx\/ventana\/?s={search_term_string}"},"query-input":{"@type":"PropertyValueSpecification","valueRequired":true,"valueName":"search_term_string"}}],"inLanguage":"es"},{"@type":"Person","@id":"https:\/\/www.ebc.mx\/ventana\/#\/schema\/person\/dc331c773f36c11849cdc1fd25ba5904","name":"Administrador","image":{"@type":"ImageObject","inLanguage":"es","@id":"https:\/\/secure.gravatar.com\/avatar\/38258782bd8fbeae4fb46409ef1819544da0d3c58a695848bb3b550421c49034?s=96&d=blank&r=g","url":"https:\/\/secure.gravatar.com\/avatar\/38258782bd8fbeae4fb46409ef1819544da0d3c58a695848bb3b550421c49034?s=96&d=blank&r=g","contentUrl":"https:\/\/secure.gravatar.com\/avatar\/38258782bd8fbeae4fb46409ef1819544da0d3c58a695848bb3b550421c49034?s=96&d=blank&r=g","caption":"Administrador"},"sameAs":["https:\/\/x.com\/sauljaimesmx@gmail.com"],"url":"https:\/\/www.ebc.mx\/ventana\/author\/4dm1nv3ntan42023\/"}]}},"_links":{"self":[{"href":"https:\/\/www.ebc.mx\/ventana\/wp-json\/wp\/v2\/posts\/16755","targetHints":{"allow":["GET"]}}],"collection":[{"href":"https:\/\/www.ebc.mx\/ventana\/wp-json\/wp\/v2\/posts"}],"about":[{"href":"https:\/\/www.ebc.mx\/ventana\/wp-json\/wp\/v2\/types\/post"}],"author":[{"embeddable":true,"href":"https:\/\/www.ebc.mx\/ventana\/wp-json\/wp\/v2\/users\/2"}],"replies":[{"embeddable":true,"href":"https:\/\/www.ebc.mx\/ventana\/wp-json\/wp\/v2\/comments?post=16755"}],"version-history":[{"count":16,"href":"https:\/\/www.ebc.mx\/ventana\/wp-json\/wp\/v2\/posts\/16755\/revisions"}],"predecessor-version":[{"id":17170,"href":"https:\/\/www.ebc.mx\/ventana\/wp-json\/wp\/v2\/posts\/16755\/revisions\/17170"}],"wp:attachment":[{"href":"https:\/\/www.ebc.mx\/ventana\/wp-json\/wp\/v2\/media?parent=16755"}],"wp:term":[{"taxonomy":"category","embeddable":true,"href":"https:\/\/www.ebc.mx\/ventana\/wp-json\/wp\/v2\/categories?post=16755"},{"taxonomy":"post_tag","embeddable":true,"href":"https:\/\/www.ebc.mx\/ventana\/wp-json\/wp\/v2\/tags?post=16755"}],"curies":[{"name":"wp","href":"https:\/\/api.w.org\/{rel}","templated":true}]}}