{"id":15952,"date":"2022-05-01T07:04:06","date_gmt":"2022-05-01T07:04:06","guid":{"rendered":"https:\/\/ventana.serviciossube.info\/?p=3261"},"modified":"2024-11-04T16:05:11","modified_gmt":"2024-11-04T22:05:11","slug":"las-habilidades-blandas-en-el-nuevo-entorno-laboral","status":"publish","type":"post","link":"https:\/\/www.ebc.mx\/ventana\/las-habilidades-blandas-en-el-nuevo-entorno-laboral\/","title":{"rendered":"Las habilidades blandas en el nuevo entorno laboral"},"content":{"rendered":"<h6><strong>TIEMPO DE LECTURA: 3 MINUTOS<\/strong><\/h6>\n<p><strong>Autor:\u00a0<\/strong>Coordinaci\u00f3n de Comunicaci\u00f3n Escuela Bancaria y Comercial.<\/p>\n<p><strong>\u00cdndice de contenido<\/strong><\/p>\n<ol>\n<li style=\"list-style-type: none;\">\n<ol>\n<li><a href=\"#1\">Las habilidades blandas como un nuevo reto<\/a><\/li>\n<li><a href=\"#2\">\u00bfQu\u00e9 son las habilidades blandas?<\/a><\/li>\n<li><a href=\"#3\">Habilidades blandas en el panorama actual<\/a><\/li>\n<li><a href=\"#4\">Desarrollo de habilidades blandas desde las aulas<\/a><\/li>\n<\/ol>\n<\/li>\n<\/ol>\n<h4 id=\"1\">1. Las habilidades blandas como un nuevo reto<\/h4>\n<p><span style=\"font-weight: 400;\">2020 y 2021 ser\u00e1n recordados como dos de los a\u00f1os m\u00e1s complejos para el sector empresarial. La pandemia de COVID-19 sacudi\u00f3 de manera vertiginosa la cotidianidad laboral y, en medio de un clima de incertidumbre, las organizaciones se vieron obligadas a replantear sus modelos operacionales para hacer frente a este reto inesperado.<\/span><\/p>\n<p>&nbsp;<\/p>\n<p><span style=\"font-weight: 400;\">En este contexto, el uso de herramientas tecnol\u00f3gicas y sistemas inform\u00e1ticos especializados se convirti\u00f3 en una pieza clave dentro de esta nueva din\u00e1mica laboral. Tan s\u00f3lo en 2020, el n\u00famero de usuarios en Internet increment\u00f3 10.6%, porcentaje muy superior al registrado en los \u00faltimos cinco a\u00f1os, de acuerdo con el estudio \u201c<\/span><a href=\"https:\/\/irp.cdn-website.com\/81280eda\/files\/uploaded\/17%C2%B0%20Estudio%20sobre%20los%20Ha%CC%81bitos%20de%20los%20Usuarios%20de%20Internet%20en%20Me%CC%81xico%202021%20v16%20Publica.pdf\"><span style=\"font-weight: 400;\">H\u00e1bitos de los Usuarios de Internet en M\u00e9xico 2021<\/span><\/a><span style=\"font-weight: 400;\">\u201d de la Asociaci\u00f3n de Internet Mx.<\/span><\/p>\n<p>&nbsp;<\/p>\n<p><span style=\"font-weight: 400;\">No obstante, el desplazamiento hacia los medios digitales y hacia las din\u00e1micas laborales, como el <\/span><i><span style=\"font-weight: 400;\">home office<\/span><\/i><span style=\"font-weight: 400;\">, dej\u00f3 en evidencia la creciente necesidad que existe dentro del panorama empresarial para desarrollar las llamadas soft skills o habilidades blandas, pues este nuevo escenario hizo palpable la importancia de aspectos como el liderazgo y la comunicaci\u00f3n asertiva, entre otras.<\/span><\/p>\n<h4 id=\"2\">2. \u00bfQu\u00e9 son las habilidades blandas?<\/h4>\n<p><span style=\"font-weight: 400;\">Si bien, el t\u00e9rmino \u201chabilidades blandas\u201d ha cobrado gran relevancia en los \u00faltimos a\u00f1os, a\u00fan existen dudas y confusiones al hablar de \u00e9l. Se define como habilidades blandas al conjunto de competencias sociales y de comunicaci\u00f3n que permiten a un profesional reaccionar de manera adecuada ante una situaci\u00f3n cambiante dentro del medio laboral e incluso personal.<\/span><\/p>\n<p>&nbsp;<\/p>\n<p><span style=\"font-weight: 400;\">De acuerdo con Gustavo A. L\u00f3pez-Corona, Director de <\/span><a href=\"https:\/\/www.ebc.mx\/educacion-continua\/\"><span style=\"font-weight: 400;\">Educaci\u00f3n Continua en la Escuela Bancaria y Comercial <\/span><\/a><span style=\"font-weight: 400;\">(EBC), son estas cualidades las que permiten a los profesionales \u201csobrevivir a un entorno laboral cambiante, pero son tambi\u00e9n aquellas que les permitir\u00e1n escalar a una mejor posici\u00f3n en el nivel laboral en que se encuentran\u201d, adem\u00e1s de aportar un valor a\u00f1adido a su formaci\u00f3n.<\/span><\/p>\n<p>&nbsp;<\/p>\n<p><span style=\"font-weight: 400;\">Aptitudes como la adaptaci\u00f3n al cambio, la autogesti\u00f3n, la inteligencia emocional, as\u00ed como la automotivaci\u00f3n y el autodesarrollo, son habilidades contempladas dentro de esta categor\u00eda, habilidades ampliamente valoradas en el presente por las empresas y organizaciones.<\/span><\/p>\n<h4 id=\"3\">3. Habilidades blandas en el panorama actual<\/h4>\n<p><span style=\"font-weight: 400;\">Aunque los cambios en el marco profesional se detonaron durante el inicio de la pandemia en 2020, hoy la repercusi\u00f3n de esta transformaci\u00f3n del mundo empresarial se mantiene vigente. Para los reclutadores y responsables del \u00e1rea de Recursos Humanos y Gesti\u00f3n de Talento, las habilidades blandas son un diferenciador al momento de contratar a un nuevo colaborador.<\/span><\/p>\n<p>&nbsp;<\/p>\n<p><span style=\"font-weight: 400;\">En este sentido, Gustavo A. L\u00f3pez-Corona considera cinco habilidades blandas que tienen gran relevancia y que son elementos determinantes para las empresas al momento de realizar la selecci\u00f3n de talento: liderazgo (particularmente el liderazgo situacional), negociaci\u00f3n y manejo de conflictos, trabajo colaborativo, mentor\u00eda, <\/span><i><span style=\"font-weight: 400;\">coaching<\/span><\/i><span style=\"font-weight: 400;\"> e inteligencia emocional.<\/span><\/p>\n<p>&nbsp;<\/p>\n<p><span style=\"font-weight: 400;\">Por su parte, Paola Gonz\u00e1lez, Jefa de Vinculaci\u00f3n Empresarial en la EBC, se\u00f1ala la importancia de fortalecer dichas destrezas, pues son \u00e9stas las que \u201cpermiten demostrar en el \u00e1mbito laboral qu\u00e9 tan competentes (como profesionales) somos para reaccionar ante determinadas situaciones  y desarrollarnos h\u00e1bilmente dentro de las organizaciones\u201d.<\/span><\/p>\n<p>&nbsp;<\/p>\n<p><span style=\"font-weight: 400;\">Asimismo, Gonz\u00e1lez, considera que \u201cestas habilidades permiten al profesional mantener en una constante evoluci\u00f3n el conocimiento que ya ha adquirido  y evitar que se estanque en un entorno que cambia constantemente\u201d.<\/span><\/p>\n<p>&nbsp;<\/p>\n<p><span style=\"font-weight: 400;\">Actualmente, las empresas tienen mayor sensibilidad ante la importancia de las habilidades gerenciales. En palabras de Paola, \u201chabilidades como el enfoque a resultados, son competencias muy importantes para los empleadores y, en ese mismo sentido, el trabajo en equipo, la innovaci\u00f3n y la soluci\u00f3n de problemas resultan primordiales para cualquier profesional\u201d.<\/span><\/p>\n<h4 id=\"4\">4. Desarrollo de habilidades blandas desde las aulas<\/h4>\n<p><span style=\"font-weight: 400;\">Debido al valor que las habilidades blandas tienen en el campo laboral, muchas instituciones educativas han comenzado a replantearse su desarrollo como parte primordial a lo largo de la formaci\u00f3n profesional de sus estudiantes.<\/span><\/p>\n<p>&nbsp;<\/p>\n<p><span style=\"font-weight: 400;\">La Escuela Bancaria y Comercial es una de las instituciones que se ha sumado a este inter\u00e9s por las habilidades blandas; sin embargo, dicho inter\u00e9s no es nuevo. Antes de la crisis sanitaria, la Instituci\u00f3n ya contemplaba en sus<\/span><a href=\"https:\/\/www.ebc.mx\/licenciaturas\/licenciaturas\"><span style=\"font-weight: 400;\"> planes de estudio<\/span><\/a><span style=\"font-weight: 400;\"> impulsar este tipo de atributos, mismos que son identificados y medidos desde su ingreso hasta su egreso por medio del <\/span><a href=\"https:\/\/www.ebc.mx\/somos-ebc\/plan-estrategico\"><span style=\"font-weight: 400;\">Sistema de Evaluaci\u00f3n del Aprendizaje <\/span><\/a><span style=\"font-weight: 400;\">(SEA).<\/span><\/p>\n<p>&nbsp;<\/p>\n<p><span style=\"font-weight: 400;\">A trav\u00e9s del SEA de la Escuela Bancaria y Comercial, la Instituci\u00f3n busca fortalecer en sus egresados las denominadas Competencias Sello EBC, entre las cuales se contemplan las habilidades de la innovaci\u00f3n, el autodesarrollo, el enfoque en resultados y la madurez social.<\/span><\/p>\n<p>&nbsp;<\/p>\n<p><span style=\"font-weight: 400;\">L\u00f3pez-Corona se\u00f1ala que \u201cusualmente las habilidades blandas se ve\u00edan como temas complementarios o extracurriculares; sin embargo, instituciones como la EBC se dieron cuenta de que realmente son el tronco medular en el desarrollo de un profesional\u201d, lo cual ha permitido potenciar estas cualidades en sus estudiantes y brindar mejores oportunidades al salir al mercado laboral.<\/span><\/p>\n<p>&nbsp;<\/p>\n<p><span style=\"font-weight: 400;\">Paola Gonz\u00e1lez, se\u00f1ala que hoy los egresados que cuentan con un buen manejo de habilidades blandas tienen mejores oportunidades para incursionar en el mercado laboral, pues \u201cestas habilidades impactan directamente en el crecimiento profesional de la persona, al estar siempre en una b\u00fasqueda constante por robustecer el conocimiento y de encontrar alternativas para dar soluciones a los retos empresariales\u201d.<\/span><b><i>Dato de inter\u00e9s:<\/i><\/b><\/p>\n<ul>\n<li aria-level=\"1\"><span style=\"font-weight: 400;\">\u00bfSab\u00edas que&#8230; en M\u00e9xico s\u00f3lo el 19% de las empresas tienen personal capacitado para asumir posiciones cr\u00edticas de liderazgo?<\/span><\/li>\n<\/ul>\n<ul>\n<li aria-level=\"1\"><b>Fuente: Escuela Bancaria y Comercial \/ Estudio 2019<\/b><\/li>\n<\/ul>\n<p>&nbsp;<\/p>\n<p><b>Art\u00edculo publicado originalmente en<\/b><a href=\"https:\/\/www.eleconomista.com.mx\/empresas\/Las-soft-skills-en-el-nuevo-entorno-laboral--20210805-0046.html\" target=\"_blank\" rel=\"noopener\"><b> El Economista<\/b><\/a><\/p>\n","protected":false},"excerpt":{"rendered":"<p>Las habilidades blandas se han vuelto un  diferenciador al momento de contratar a un nuevo colaborador. Descubre de qu\u00e9 se tratan<\/p>\n","protected":false},"author":2,"featured_media":0,"comment_status":"closed","ping_status":"open","sticky":false,"template":"","format":"standard","meta":{"footnotes":""},"categories":[223],"tags":[370,368,228,369],"class_list":["post-15952","post","type-post","status-publish","format-standard","hentry","category-mundo-inc","tag-competencias-sociales","tag-habilidades-blandas","tag-negocios","tag-soft-skills"],"yoast_head":"<!-- This site is optimized with the Yoast SEO plugin v27.3 - https:\/\/yoast.com\/product\/yoast-seo-wordpress\/ -->\n<title>Las habilidades blandas en el nuevo entorno laboral - Ventana | EBC<\/title>\n<meta name=\"description\" content=\"Las habilidades blandas se han vuelto un diferenciador al momentode contratar a un nuevo colaborador. Descubre de qu\u00e9 se tratan.\" \/>\n<meta name=\"robots\" content=\"index, follow, max-snippet:-1, max-image-preview:large, max-video-preview:-1\" \/>\n<link rel=\"canonical\" href=\"https:\/\/www.ebc.mx\/ventana\/las-habilidades-blandas-en-el-nuevo-entorno-laboral\/\" \/>\n<meta property=\"og:locale\" content=\"es_MX\" \/>\n<meta property=\"og:type\" content=\"article\" \/>\n<meta property=\"og:title\" content=\"Las habilidades blandas en el nuevo entorno laboral - Ventana | EBC\" \/>\n<meta property=\"og:description\" content=\"Las habilidades blandas se han vuelto un diferenciador al momentode contratar a un nuevo colaborador. Descubre de qu\u00e9 se tratan.\" \/>\n<meta property=\"og:url\" content=\"https:\/\/www.ebc.mx\/ventana\/las-habilidades-blandas-en-el-nuevo-entorno-laboral\/\" \/>\n<meta property=\"og:site_name\" content=\"Ventana | EBC\" \/>\n<meta property=\"article:published_time\" content=\"2022-05-01T07:04:06+00:00\" \/>\n<meta property=\"article:modified_time\" content=\"2024-11-04T22:05:11+00:00\" \/>\n<meta name=\"author\" content=\"Administrador\" \/>\n<meta name=\"twitter:card\" content=\"summary_large_image\" \/>\n<meta name=\"twitter:creator\" content=\"@sauljaimesmx@gmail.com\" \/>\n<meta name=\"twitter:label1\" content=\"Escrito por\" \/>\n\t<meta name=\"twitter:data1\" content=\"Administrador\" \/>\n\t<meta name=\"twitter:label2\" content=\"Tiempo de lectura\" \/>\n\t<meta name=\"twitter:data2\" content=\"5 minutos\" \/>\n<script type=\"application\/ld+json\" class=\"yoast-schema-graph\">{\"@context\":\"https:\\\/\\\/schema.org\",\"@graph\":[{\"@type\":\"Article\",\"@id\":\"https:\\\/\\\/www.ebc.mx\\\/ventana\\\/las-habilidades-blandas-en-el-nuevo-entorno-laboral\\\/#article\",\"isPartOf\":{\"@id\":\"https:\\\/\\\/www.ebc.mx\\\/ventana\\\/las-habilidades-blandas-en-el-nuevo-entorno-laboral\\\/\"},\"author\":{\"name\":\"Administrador\",\"@id\":\"https:\\\/\\\/www.ebc.mx\\\/ventana\\\/#\\\/schema\\\/person\\\/dc331c773f36c11849cdc1fd25ba5904\"},\"headline\":\"Las habilidades blandas en el nuevo entorno laboral\",\"datePublished\":\"2022-05-01T07:04:06+00:00\",\"dateModified\":\"2024-11-04T22:05:11+00:00\",\"mainEntityOfPage\":{\"@id\":\"https:\\\/\\\/www.ebc.mx\\\/ventana\\\/las-habilidades-blandas-en-el-nuevo-entorno-laboral\\\/\"},\"wordCount\":1220,\"keywords\":[\"Competencias sociales\",\"Habilidades blandas\",\"Negocios\",\"Soft skills\"],\"articleSection\":[\"Mundo Inc\"],\"inLanguage\":\"es\"},{\"@type\":\"WebPage\",\"@id\":\"https:\\\/\\\/www.ebc.mx\\\/ventana\\\/las-habilidades-blandas-en-el-nuevo-entorno-laboral\\\/\",\"url\":\"https:\\\/\\\/www.ebc.mx\\\/ventana\\\/las-habilidades-blandas-en-el-nuevo-entorno-laboral\\\/\",\"name\":\"Las habilidades blandas en el nuevo entorno laboral - Ventana | EBC\",\"isPartOf\":{\"@id\":\"https:\\\/\\\/www.ebc.mx\\\/ventana\\\/#website\"},\"datePublished\":\"2022-05-01T07:04:06+00:00\",\"dateModified\":\"2024-11-04T22:05:11+00:00\",\"author\":{\"@id\":\"https:\\\/\\\/www.ebc.mx\\\/ventana\\\/#\\\/schema\\\/person\\\/dc331c773f36c11849cdc1fd25ba5904\"},\"description\":\"Las habilidades blandas se han vuelto un diferenciador al momentode contratar a un nuevo colaborador. Descubre de qu\u00e9 se tratan.\",\"breadcrumb\":{\"@id\":\"https:\\\/\\\/www.ebc.mx\\\/ventana\\\/las-habilidades-blandas-en-el-nuevo-entorno-laboral\\\/#breadcrumb\"},\"inLanguage\":\"es\",\"potentialAction\":[{\"@type\":\"ReadAction\",\"target\":[\"https:\\\/\\\/www.ebc.mx\\\/ventana\\\/las-habilidades-blandas-en-el-nuevo-entorno-laboral\\\/\"]}]},{\"@type\":\"BreadcrumbList\",\"@id\":\"https:\\\/\\\/www.ebc.mx\\\/ventana\\\/las-habilidades-blandas-en-el-nuevo-entorno-laboral\\\/#breadcrumb\",\"itemListElement\":[{\"@type\":\"ListItem\",\"position\":1,\"name\":\"Inicio\",\"item\":\"https:\\\/\\\/www.ebc.mx\\\/ventana\\\/\"},{\"@type\":\"ListItem\",\"position\":2,\"name\":\"Las habilidades blandas en el nuevo entorno laboral\"}]},{\"@type\":\"WebSite\",\"@id\":\"https:\\\/\\\/www.ebc.mx\\\/ventana\\\/#website\",\"url\":\"https:\\\/\\\/www.ebc.mx\\\/ventana\\\/\",\"name\":\"Ventana | EBC\",\"description\":\"Portada\",\"potentialAction\":[{\"@type\":\"SearchAction\",\"target\":{\"@type\":\"EntryPoint\",\"urlTemplate\":\"https:\\\/\\\/www.ebc.mx\\\/ventana\\\/?s={search_term_string}\"},\"query-input\":{\"@type\":\"PropertyValueSpecification\",\"valueRequired\":true,\"valueName\":\"search_term_string\"}}],\"inLanguage\":\"es\"},{\"@type\":\"Person\",\"@id\":\"https:\\\/\\\/www.ebc.mx\\\/ventana\\\/#\\\/schema\\\/person\\\/dc331c773f36c11849cdc1fd25ba5904\",\"name\":\"Administrador\",\"image\":{\"@type\":\"ImageObject\",\"inLanguage\":\"es\",\"@id\":\"https:\\\/\\\/secure.gravatar.com\\\/avatar\\\/38258782bd8fbeae4fb46409ef1819544da0d3c58a695848bb3b550421c49034?s=96&d=blank&r=g\",\"url\":\"https:\\\/\\\/secure.gravatar.com\\\/avatar\\\/38258782bd8fbeae4fb46409ef1819544da0d3c58a695848bb3b550421c49034?s=96&d=blank&r=g\",\"contentUrl\":\"https:\\\/\\\/secure.gravatar.com\\\/avatar\\\/38258782bd8fbeae4fb46409ef1819544da0d3c58a695848bb3b550421c49034?s=96&d=blank&r=g\",\"caption\":\"Administrador\"},\"sameAs\":[\"https:\\\/\\\/x.com\\\/sauljaimesmx@gmail.com\"],\"url\":\"https:\\\/\\\/www.ebc.mx\\\/ventana\\\/author\\\/4dm1nv3ntan42023\\\/\"}]}<\/script>\n<!-- \/ Yoast SEO plugin. -->","yoast_head_json":{"title":"Las habilidades blandas en el nuevo entorno laboral - Ventana | EBC","description":"Las habilidades blandas se han vuelto un diferenciador al momentode contratar a un nuevo colaborador. Descubre de qu\u00e9 se tratan.","robots":{"index":"index","follow":"follow","max-snippet":"max-snippet:-1","max-image-preview":"max-image-preview:large","max-video-preview":"max-video-preview:-1"},"canonical":"https:\/\/www.ebc.mx\/ventana\/las-habilidades-blandas-en-el-nuevo-entorno-laboral\/","og_locale":"es_MX","og_type":"article","og_title":"Las habilidades blandas en el nuevo entorno laboral - Ventana | EBC","og_description":"Las habilidades blandas se han vuelto un diferenciador al momentode contratar a un nuevo colaborador. Descubre de qu\u00e9 se tratan.","og_url":"https:\/\/www.ebc.mx\/ventana\/las-habilidades-blandas-en-el-nuevo-entorno-laboral\/","og_site_name":"Ventana | EBC","article_published_time":"2022-05-01T07:04:06+00:00","article_modified_time":"2024-11-04T22:05:11+00:00","author":"Administrador","twitter_card":"summary_large_image","twitter_creator":"@sauljaimesmx@gmail.com","twitter_misc":{"Escrito por":"Administrador","Tiempo de lectura":"5 minutos"},"schema":{"@context":"https:\/\/schema.org","@graph":[{"@type":"Article","@id":"https:\/\/www.ebc.mx\/ventana\/las-habilidades-blandas-en-el-nuevo-entorno-laboral\/#article","isPartOf":{"@id":"https:\/\/www.ebc.mx\/ventana\/las-habilidades-blandas-en-el-nuevo-entorno-laboral\/"},"author":{"name":"Administrador","@id":"https:\/\/www.ebc.mx\/ventana\/#\/schema\/person\/dc331c773f36c11849cdc1fd25ba5904"},"headline":"Las habilidades blandas en el nuevo entorno laboral","datePublished":"2022-05-01T07:04:06+00:00","dateModified":"2024-11-04T22:05:11+00:00","mainEntityOfPage":{"@id":"https:\/\/www.ebc.mx\/ventana\/las-habilidades-blandas-en-el-nuevo-entorno-laboral\/"},"wordCount":1220,"keywords":["Competencias sociales","Habilidades blandas","Negocios","Soft skills"],"articleSection":["Mundo Inc"],"inLanguage":"es"},{"@type":"WebPage","@id":"https:\/\/www.ebc.mx\/ventana\/las-habilidades-blandas-en-el-nuevo-entorno-laboral\/","url":"https:\/\/www.ebc.mx\/ventana\/las-habilidades-blandas-en-el-nuevo-entorno-laboral\/","name":"Las habilidades blandas en el nuevo entorno laboral - Ventana | EBC","isPartOf":{"@id":"https:\/\/www.ebc.mx\/ventana\/#website"},"datePublished":"2022-05-01T07:04:06+00:00","dateModified":"2024-11-04T22:05:11+00:00","author":{"@id":"https:\/\/www.ebc.mx\/ventana\/#\/schema\/person\/dc331c773f36c11849cdc1fd25ba5904"},"description":"Las habilidades blandas se han vuelto un diferenciador al momentode contratar a un nuevo colaborador. Descubre de qu\u00e9 se tratan.","breadcrumb":{"@id":"https:\/\/www.ebc.mx\/ventana\/las-habilidades-blandas-en-el-nuevo-entorno-laboral\/#breadcrumb"},"inLanguage":"es","potentialAction":[{"@type":"ReadAction","target":["https:\/\/www.ebc.mx\/ventana\/las-habilidades-blandas-en-el-nuevo-entorno-laboral\/"]}]},{"@type":"BreadcrumbList","@id":"https:\/\/www.ebc.mx\/ventana\/las-habilidades-blandas-en-el-nuevo-entorno-laboral\/#breadcrumb","itemListElement":[{"@type":"ListItem","position":1,"name":"Inicio","item":"https:\/\/www.ebc.mx\/ventana\/"},{"@type":"ListItem","position":2,"name":"Las habilidades blandas en el nuevo entorno laboral"}]},{"@type":"WebSite","@id":"https:\/\/www.ebc.mx\/ventana\/#website","url":"https:\/\/www.ebc.mx\/ventana\/","name":"Ventana | EBC","description":"Portada","potentialAction":[{"@type":"SearchAction","target":{"@type":"EntryPoint","urlTemplate":"https:\/\/www.ebc.mx\/ventana\/?s={search_term_string}"},"query-input":{"@type":"PropertyValueSpecification","valueRequired":true,"valueName":"search_term_string"}}],"inLanguage":"es"},{"@type":"Person","@id":"https:\/\/www.ebc.mx\/ventana\/#\/schema\/person\/dc331c773f36c11849cdc1fd25ba5904","name":"Administrador","image":{"@type":"ImageObject","inLanguage":"es","@id":"https:\/\/secure.gravatar.com\/avatar\/38258782bd8fbeae4fb46409ef1819544da0d3c58a695848bb3b550421c49034?s=96&d=blank&r=g","url":"https:\/\/secure.gravatar.com\/avatar\/38258782bd8fbeae4fb46409ef1819544da0d3c58a695848bb3b550421c49034?s=96&d=blank&r=g","contentUrl":"https:\/\/secure.gravatar.com\/avatar\/38258782bd8fbeae4fb46409ef1819544da0d3c58a695848bb3b550421c49034?s=96&d=blank&r=g","caption":"Administrador"},"sameAs":["https:\/\/x.com\/sauljaimesmx@gmail.com"],"url":"https:\/\/www.ebc.mx\/ventana\/author\/4dm1nv3ntan42023\/"}]}},"_links":{"self":[{"href":"https:\/\/www.ebc.mx\/ventana\/wp-json\/wp\/v2\/posts\/15952","targetHints":{"allow":["GET"]}}],"collection":[{"href":"https:\/\/www.ebc.mx\/ventana\/wp-json\/wp\/v2\/posts"}],"about":[{"href":"https:\/\/www.ebc.mx\/ventana\/wp-json\/wp\/v2\/types\/post"}],"author":[{"embeddable":true,"href":"https:\/\/www.ebc.mx\/ventana\/wp-json\/wp\/v2\/users\/2"}],"replies":[{"embeddable":true,"href":"https:\/\/www.ebc.mx\/ventana\/wp-json\/wp\/v2\/comments?post=15952"}],"version-history":[{"count":4,"href":"https:\/\/www.ebc.mx\/ventana\/wp-json\/wp\/v2\/posts\/15952\/revisions"}],"predecessor-version":[{"id":17458,"href":"https:\/\/www.ebc.mx\/ventana\/wp-json\/wp\/v2\/posts\/15952\/revisions\/17458"}],"wp:attachment":[{"href":"https:\/\/www.ebc.mx\/ventana\/wp-json\/wp\/v2\/media?parent=15952"}],"wp:term":[{"taxonomy":"category","embeddable":true,"href":"https:\/\/www.ebc.mx\/ventana\/wp-json\/wp\/v2\/categories?post=15952"},{"taxonomy":"post_tag","embeddable":true,"href":"https:\/\/www.ebc.mx\/ventana\/wp-json\/wp\/v2\/tags?post=15952"}],"curies":[{"name":"wp","href":"https:\/\/api.w.org\/{rel}","templated":true}]}}