{"id":15883,"date":"2022-09-29T00:00:14","date_gmt":"2022-09-29T00:00:14","guid":{"rendered":"https:\/\/ventana.serviciossube.info\/?p=4618"},"modified":"2024-11-04T15:21:08","modified_gmt":"2024-11-04T21:21:08","slug":"tasa-de-interes-de-que-forma-afecta-las-finanzas-personales","status":"publish","type":"post","link":"https:\/\/www.ebc.mx\/ventana\/tasa-de-interes-de-que-forma-afecta-las-finanzas-personales\/","title":{"rendered":"Tasa de inter\u00e9s: \u00bfDe qu\u00e9 forma afecta las finanzas personales?"},"content":{"rendered":"<p><strong>Tiempo de Lectura: 4.5 minutos<\/strong><\/p>\n<p><strong>Autor: <\/strong><span style=\"font-weight: 400;\">Ram\u00f3n B. Mart\u00ednez Ju\u00e1rez, Docente Campus Ciudad de M\u00e9xico, <\/span><span style=\"font-weight: 400;\">Escuela Bancaria y Comercial.<\/span><\/p>\n<p><strong>\u00cdndice de contenido<\/strong><\/p>\n<ol>\n<li style=\"list-style-type: none;\">\n<ol>\n<li><a href=\"#l1\">El aumento de las tasas de inter\u00e9s en los \u00faltimos 10 a\u00f1os<\/a><\/li>\n<li><a href=\"#l2\">Efectos de las tasas de inter\u00e9s<\/a><\/li>\n<\/ol>\n<\/li>\n<\/ol>\n<p>&nbsp;<\/p>\n<p><span style=\"font-weight: 400;\">Durante los \u00faltimos 12 meses, diversos medios de comunicaci\u00f3n han informado sobre incrementos en las <\/span><b>tasas de referencia<\/b><span style=\"font-weight: 400;\"> emitidas por el <\/span><b>Banco Central <\/b><span style=\"font-weight: 400;\">de <\/span><b>M\u00e9xico<\/b><span style=\"font-weight: 400;\"> (BANXICO).\u00a0<\/span><\/p>\n<p>&nbsp;<\/p>\n<p><span style=\"font-weight: 400;\">A partir de \u00e9stas se toman decisiones importantes para contratar cr\u00e9ditos, ahorrar e invertir; en ocasiones no logramos entender la causa de estos incrementos y principalmente el impacto que puede tener en las finanzas personales y de las empresas, aqu\u00ed te comparto qu\u00e9 hay detr\u00e1s de esta informaci\u00f3n relacionada al aumento en las <\/span><b>tasas de inter\u00e9s<\/b><span style=\"font-weight: 400;\"> en los \u00faltimos 10 a\u00f1os.<\/span><\/p>\n<h2 id=\"l1\"><b>El aumento de las tasas de inter\u00e9s en los \u00faltimos 10 a\u00f1os<\/b><\/h2>\n<p><span style=\"font-weight: 400;\">Entre <\/span><b>2012 y 2017<\/b><span style=\"font-weight: 400;\"> las <\/span><b>tasas de inter\u00e9s<\/b><span style=\"font-weight: 400;\"> se mantuvieron en niveles promedio de 4%; esto se deb\u00eda a que exist\u00edan condiciones de relativo equilibrio en la econom\u00eda de nuestro pa\u00eds. Es decir, el desempleo se manten\u00eda estable, los precios de los productos no ten\u00edan incrementos sensibles, el pa\u00eds crec\u00eda a niveles del 2.4% respecto al Producto Interno Bruto (PIB) y la din\u00e1mica empresarial de los diversos sectores mostraba cierta estabilidad y dinamismo.\u00a0<\/span><\/p>\n<p>&nbsp;<\/p>\n<p><span style=\"font-weight: 400;\">Si bien, no era el mejor escenario ya que el desarrollo econ\u00f3mico del pa\u00eds era limitado, el objetivo en este momento era acelerar el crecimiento a trav\u00e9s de incrementar la din\u00e1mica econ\u00f3mica:\u00a0<\/span><\/p>\n<p>&nbsp;<\/p>\n<p><span style=\"font-weight: 400;\">Empresas produciendo y vendiendo m\u00e1s, el gobierno invirtiendo en desarrollo de infraestructura y una sociedad con un poder adquisitivo que le permitiera adquirir productos y servicios; para ello era necesario aumentar el gasto de estos jugadores. En este caso la alternativa fue bajar las tasas de inter\u00e9s que permit\u00edan a todos los involucrados tener acceso al cr\u00e9dito y destinar estos recursos a generar flujo econ\u00f3mico.<\/span><\/p>\n<p>&nbsp;<\/p>\n<p><span style=\"font-weight: 400;\">Del a\u00f1o <\/span><b>2017 al 2019<\/b><span style=\"font-weight: 400;\">, las <\/span><b>tasas de inter\u00e9s <\/b><span style=\"font-weight: 400;\">pasaron de oscilar en niveles del 4% a un 6.5%. La raz\u00f3n de este incremento obedeci\u00f3 a la incertidumbre que se gener\u00f3 en el mercado, impacto de vivir en un a\u00f1o electoral y la transici\u00f3n de poder.<\/span><\/p>\n<p>&nbsp;<\/p>\n<p><span style=\"font-weight: 400;\">Adicional el pa\u00eds mostraba signos de debilitamiento a nivel de <\/span><b>crecimiento econ\u00f3mico<\/b><span style=\"font-weight: 400;\"> en consecuencia\u00a0 de que los capitales de inversi\u00f3n empezaban a salir de nuestro pa\u00eds al no verlo atractivo, ante eso el <\/span><b>Banco de M\u00e9xico Banxico<\/b><span style=\"font-weight: 400;\"> decide aumentar las <\/span><b>tasas de inter\u00e9s<\/b><span style=\"font-weight: 400;\"> para incentivar a capitales extranjeros, inversionistas y empresas para invertir, desarrollar e incrementar participaci\u00f3n en M\u00e9xico.\u00a0<\/span><\/p>\n<p>&nbsp;<\/p>\n<p><b>2020<\/b><span style=\"font-weight: 400;\"> fue un a\u00f1o que marc\u00f3 la econom\u00eda global y nacional: la crisis sanitaria detuvo por completo el dinamismo econ\u00f3mico acrecentando los problemas que ya ten\u00eda el pa\u00eds en materia econ\u00f3mica, esto afect\u00f3 a diversos sectores y, sumando un alto nivel de incertidumbre, se gener\u00f3 desempleo, cierre de empresas y producci\u00f3n limitada.\u00a0<\/span><\/p>\n<p>&nbsp;<\/p>\n<p><span style=\"font-weight: 400;\">Por lo anterior,<\/span><span style=\"font-weight: 400;\"> Banxico hizo una baja de <\/span><b>tasa de inter\u00e9s<\/b><span style=\"font-weight: 400;\"> (4.25% promedio) con el objetivo de incentivar la din\u00e1mica econ\u00f3mica para que mediante la obtenci\u00f3n de cr\u00e9dito m\u00e1s barato, empresas y sociedad aumentar\u00e1n su inversi\u00f3n, gasto y consumo.<\/span><span style=\"font-weight: 400;\">Para el \u00faltimo trimestre del <\/span><b>2021,<\/b><span style=\"font-weight: 400;\"> el pa\u00eds present\u00f3 signos de recuperaci\u00f3n, Banxico decidi\u00f3 mantener las <\/span><b>tasas de inter\u00e9s<\/b><span style=\"font-weight: 400;\"> en los mismos niveles de 2020, con el prop\u00f3sito de incentivar el consumo y la inversi\u00f3n.\u00a0<\/span><\/p>\n<p>&nbsp;<\/p>\n<p><span style=\"font-weight: 400;\">Sin embargo, se identificaban factores que limitaban el crecimiento a pesar del esfuerzo de mantener la tasas bajas, el desempleo se manten\u00eda en niveles altos, los precios de la materias primas aumentaron (en algunos casos hasta 50% m\u00e1s que a\u00f1os previos), bajos niveles de inversi\u00f3n, incertidumbre, salida de inversi\u00f3n extranjera, escasez de algunas\u00a0 materias primas\u00a0 y la necesidad de consumir ciertos productos, incrementaron la presi\u00f3n sobre los precios de los mismos (inflaci\u00f3n).<\/span><\/p>\n<p>&nbsp;<\/p>\n<p><span style=\"font-weight: 400;\">En <\/span><b>2022<\/b><span style=\"font-weight: 400;\"> se presentan signos de restablecimiento para la econom\u00eda mexicana; sin embargo, el aumento sensible de los precios en los productos y materias primas (inflaci\u00f3n) derivado de los efectos de a\u00f1os anteriores, el desempleo, una falta de claridad en materia econ\u00f3mica por parte del Gobierno y una recuperaci\u00f3n muy limitada, obligan a Banxico a subir las <\/span><b>tasa de referencia<\/b><span style=\"font-weight: 400;\"> (7%).<\/span><\/p>\n<p>&nbsp;<\/p>\n<p><span style=\"font-weight: 400;\">Con ello, buscaban limitar el consumo desmedido de productos y servicios a trav\u00e9s del cr\u00e9dito y permitiendo que el flujo que se genera en la econom\u00eda de manera natural (empresas y sociedad), sea destinado a la demanda de los productos y en consecuencia disminuya la presi\u00f3n inflacionaria.<\/span><\/p>\n<h2 id=\"l2\"><b>Efectos de las tasas de inter\u00e9s<\/b><\/h2>\n<p><span style=\"font-weight: 400;\">Como consecuencia de los aumentos a la <\/span><b>tasa de referencia<\/b><span style=\"font-weight: 400;\">, los Bancos que miden el costo de su materia prima (dinero) en referencia a \u00e9sta para otorgar cr\u00e9ditos y captar recursos (ahorro), tienden a aumentar sus <\/span><b>tasas de inter\u00e9s<\/b><span style=\"font-weight: 400;\"> al mercado, ya que les resulta m\u00e1s caro obtenerlo.\u00a0<\/span><\/p>\n<p>&nbsp;<\/p>\n<p><span style=\"font-weight: 400;\">Lo anterior afecta a empresas y personas, ya que al ser m\u00e1s caro obtener un cr\u00e9dito el consumo de ciertos productos se limita (que en algunos casos son materia prima para las empresas) esto impacta su capital de trabajo ya que en caso de recurrir al pr\u00e9stamo este podr\u00eda encarecer sus costos financieros y en consecuencia los precios de sus productos y servicios.\u00a0<\/span><\/p>\n<p>&nbsp;<\/p>\n<p><span style=\"font-weight: 400;\">En el caso de las personas, los limita a comprar productos que eventualmente s\u00f3lo pueden adquirir mediante el cr\u00e9dito, como bienes de consumo duradero (casas, autos, electr\u00f3nicos, entre otros); sin embargo, del lado del ahorro esto beneficia a empresas y personas, por que recaudan tasas m\u00e1s altas por la inversi\u00f3n y el ahorro.\u00a0<\/span><\/p>\n<p>&nbsp;<\/p>\n<p><span style=\"font-weight: 400;\">Como conclusi\u00f3n, las<\/span><b> tasas de inter\u00e9s son un referente<\/b><span style=\"font-weight: 400;\"> de la salud del sistema financiero y juegan un papel fundamental en el crecimiento de la econom\u00eda en M\u00e9xico; el que \u00e9stas suban o bajen obedece a decisiones en materia monetaria que favorecen el dinamismo econ\u00f3mico, pero tambi\u00e9n afectan dependiendo qu\u00e9 tipo de uso se le d\u00e9: cr\u00e9dito, ahorro y\/o inversi\u00f3n. <\/span><span style=\"font-weight: 400;\">Contenido publicado originalmente en <\/span><a href=\"https:\/\/www.forbes.com.mx\/tasa-sube-tasa-baja-que-me-conviene\/\"><span style=\"font-weight: 400;\">Forbes<\/span><\/a><\/p>\n<p>&nbsp;<\/p>\n<p style=\"text-align: center;\">Si te gust\u00f3 este art\u00edculo, te sugerimos continuar con:<\/p>\n<p style=\"text-align: center;\"><a href=\"https:\/\/www.ebc.mx\/ventana\/inflacion-global-el-kraken-mundial-que-enfrenta-la-sociedad\/\"><strong>Inflaci\u00f3n global: el Kraken mundial que enfrentan los bancos<\/strong><\/a><\/p>\n","protected":false},"excerpt":{"rendered":"<p>Tiempo de Lectura: 4.5 minutos Autor: Ram\u00f3n B. Mart\u00ednez Ju\u00e1rez, Docente Campus Ciudad de M\u00e9xico, Escuela Bancaria y Comercial. \u00cdndice de contenido El aumento de las tasas de inter\u00e9s en los \u00faltimos 10 a\u00f1os Efectos de las tasas de inter\u00e9s &nbsp; Durante los \u00faltimos 12 meses, diversos medios de comunicaci\u00f3n han informado sobre incrementos en&hellip;<\/p>\n","protected":false},"author":2,"featured_media":15886,"comment_status":"closed","ping_status":"open","sticky":false,"template":"","format":"standard","meta":{"footnotes":""},"categories":[223],"tags":[308,321,228,329],"class_list":["post-15883","post","type-post","status-publish","format-standard","has-post-thumbnail","hentry","category-mundo-inc","tag-economia","tag-finanzas","tag-negocios","tag-tasas-de-interes"],"yoast_head":"<!-- This site is optimized with the Yoast SEO plugin v27.3 - https:\/\/yoast.com\/product\/yoast-seo-wordpress\/ -->\n<title>Tasa de inter\u00e9s: \u00bfDe qu\u00e9 forma afecta las finanzas personales? - Ventana | EBC<\/title>\n<meta name=\"description\" content=\"Descubre las causas del incremento de las tasas de inter\u00e9s, su impacto en las finanzas personales y de las empresas a trav\u00e9s de un recorrido de su actividad en los \u00faltimos 10 a\u00f1os.\" \/>\n<meta name=\"robots\" content=\"index, follow, max-snippet:-1, max-image-preview:large, max-video-preview:-1\" \/>\n<link rel=\"canonical\" href=\"https:\/\/www.ebc.mx\/ventana\/tasa-de-interes-de-que-forma-afecta-las-finanzas-personales\/\" \/>\n<meta property=\"og:locale\" content=\"es_MX\" \/>\n<meta property=\"og:type\" content=\"article\" \/>\n<meta property=\"og:title\" content=\"Tasa de inter\u00e9s: \u00bfDe qu\u00e9 forma afecta las finanzas personales? - Ventana | EBC\" \/>\n<meta property=\"og:description\" content=\"Descubre las causas del incremento de las tasas de inter\u00e9s, su impacto en las finanzas personales y de las empresas a trav\u00e9s de un recorrido de su actividad en los \u00faltimos 10 a\u00f1os.\" \/>\n<meta property=\"og:url\" content=\"https:\/\/www.ebc.mx\/ventana\/tasa-de-interes-de-que-forma-afecta-las-finanzas-personales\/\" \/>\n<meta property=\"og:site_name\" content=\"Ventana | EBC\" \/>\n<meta property=\"article:published_time\" content=\"2022-09-29T00:00:14+00:00\" \/>\n<meta property=\"article:modified_time\" content=\"2024-11-04T21:21:08+00:00\" \/>\n<meta property=\"og:image\" content=\"https:\/\/www.ebc.mx\/ventana\/wp-content\/uploads\/2022\/09\/EBC_sep_blog_11_tasas_de_interes_de_que_forma_afecta_la_finanzas_personales_header.jpg\" \/>\n\t<meta property=\"og:image:width\" content=\"843\" \/>\n\t<meta property=\"og:image:height\" content=\"562\" \/>\n\t<meta property=\"og:image:type\" content=\"image\/jpeg\" \/>\n<meta name=\"author\" content=\"Administrador\" \/>\n<meta name=\"twitter:card\" content=\"summary_large_image\" \/>\n<meta name=\"twitter:creator\" content=\"@sauljaimesmx@gmail.com\" \/>\n<meta name=\"twitter:label1\" content=\"Escrito por\" \/>\n\t<meta name=\"twitter:data1\" content=\"Administrador\" \/>\n\t<meta name=\"twitter:label2\" content=\"Tiempo de lectura\" \/>\n\t<meta name=\"twitter:data2\" content=\"5 minutos\" \/>\n<script type=\"application\/ld+json\" class=\"yoast-schema-graph\">{\"@context\":\"https:\\\/\\\/schema.org\",\"@graph\":[{\"@type\":\"Article\",\"@id\":\"https:\\\/\\\/www.ebc.mx\\\/ventana\\\/tasa-de-interes-de-que-forma-afecta-las-finanzas-personales\\\/#article\",\"isPartOf\":{\"@id\":\"https:\\\/\\\/www.ebc.mx\\\/ventana\\\/tasa-de-interes-de-que-forma-afecta-las-finanzas-personales\\\/\"},\"author\":{\"name\":\"Administrador\",\"@id\":\"https:\\\/\\\/www.ebc.mx\\\/ventana\\\/#\\\/schema\\\/person\\\/dc331c773f36c11849cdc1fd25ba5904\"},\"headline\":\"Tasa de inter\u00e9s: \u00bfDe qu\u00e9 forma afecta las finanzas personales?\",\"datePublished\":\"2022-09-29T00:00:14+00:00\",\"dateModified\":\"2024-11-04T21:21:08+00:00\",\"mainEntityOfPage\":{\"@id\":\"https:\\\/\\\/www.ebc.mx\\\/ventana\\\/tasa-de-interes-de-que-forma-afecta-las-finanzas-personales\\\/\"},\"wordCount\":1198,\"image\":{\"@id\":\"https:\\\/\\\/www.ebc.mx\\\/ventana\\\/tasa-de-interes-de-que-forma-afecta-las-finanzas-personales\\\/#primaryimage\"},\"thumbnailUrl\":\"https:\\\/\\\/www.ebc.mx\\\/ventana\\\/wp-content\\\/uploads\\\/2022\\\/09\\\/EBC_sep_blog_11_tasas_de_interes_de_que_forma_afecta_la_finanzas_personales_header.jpg\",\"keywords\":[\"Econom\u00eda\",\"Finanzas\",\"Negocios\",\"Tasas de inter\u00e9s\"],\"articleSection\":[\"Mundo Inc\"],\"inLanguage\":\"es\"},{\"@type\":\"WebPage\",\"@id\":\"https:\\\/\\\/www.ebc.mx\\\/ventana\\\/tasa-de-interes-de-que-forma-afecta-las-finanzas-personales\\\/\",\"url\":\"https:\\\/\\\/www.ebc.mx\\\/ventana\\\/tasa-de-interes-de-que-forma-afecta-las-finanzas-personales\\\/\",\"name\":\"Tasa de inter\u00e9s: \u00bfDe qu\u00e9 forma afecta las finanzas personales? - Ventana | EBC\",\"isPartOf\":{\"@id\":\"https:\\\/\\\/www.ebc.mx\\\/ventana\\\/#website\"},\"primaryImageOfPage\":{\"@id\":\"https:\\\/\\\/www.ebc.mx\\\/ventana\\\/tasa-de-interes-de-que-forma-afecta-las-finanzas-personales\\\/#primaryimage\"},\"image\":{\"@id\":\"https:\\\/\\\/www.ebc.mx\\\/ventana\\\/tasa-de-interes-de-que-forma-afecta-las-finanzas-personales\\\/#primaryimage\"},\"thumbnailUrl\":\"https:\\\/\\\/www.ebc.mx\\\/ventana\\\/wp-content\\\/uploads\\\/2022\\\/09\\\/EBC_sep_blog_11_tasas_de_interes_de_que_forma_afecta_la_finanzas_personales_header.jpg\",\"datePublished\":\"2022-09-29T00:00:14+00:00\",\"dateModified\":\"2024-11-04T21:21:08+00:00\",\"author\":{\"@id\":\"https:\\\/\\\/www.ebc.mx\\\/ventana\\\/#\\\/schema\\\/person\\\/dc331c773f36c11849cdc1fd25ba5904\"},\"description\":\"Descubre las causas del incremento de las tasas de inter\u00e9s, su impacto en las finanzas personales y de las empresas a trav\u00e9s de un recorrido de su actividad en los \u00faltimos 10 a\u00f1os.\",\"breadcrumb\":{\"@id\":\"https:\\\/\\\/www.ebc.mx\\\/ventana\\\/tasa-de-interes-de-que-forma-afecta-las-finanzas-personales\\\/#breadcrumb\"},\"inLanguage\":\"es\",\"potentialAction\":[{\"@type\":\"ReadAction\",\"target\":[\"https:\\\/\\\/www.ebc.mx\\\/ventana\\\/tasa-de-interes-de-que-forma-afecta-las-finanzas-personales\\\/\"]}]},{\"@type\":\"ImageObject\",\"inLanguage\":\"es\",\"@id\":\"https:\\\/\\\/www.ebc.mx\\\/ventana\\\/tasa-de-interes-de-que-forma-afecta-las-finanzas-personales\\\/#primaryimage\",\"url\":\"https:\\\/\\\/www.ebc.mx\\\/ventana\\\/wp-content\\\/uploads\\\/2022\\\/09\\\/EBC_sep_blog_11_tasas_de_interes_de_que_forma_afecta_la_finanzas_personales_header.jpg\",\"contentUrl\":\"https:\\\/\\\/www.ebc.mx\\\/ventana\\\/wp-content\\\/uploads\\\/2022\\\/09\\\/EBC_sep_blog_11_tasas_de_interes_de_que_forma_afecta_la_finanzas_personales_header.jpg\",\"width\":843,\"height\":562},{\"@type\":\"BreadcrumbList\",\"@id\":\"https:\\\/\\\/www.ebc.mx\\\/ventana\\\/tasa-de-interes-de-que-forma-afecta-las-finanzas-personales\\\/#breadcrumb\",\"itemListElement\":[{\"@type\":\"ListItem\",\"position\":1,\"name\":\"Inicio\",\"item\":\"https:\\\/\\\/www.ebc.mx\\\/ventana\\\/\"},{\"@type\":\"ListItem\",\"position\":2,\"name\":\"Tasa de inter\u00e9s: \u00bfDe qu\u00e9 forma afecta las finanzas personales?\"}]},{\"@type\":\"WebSite\",\"@id\":\"https:\\\/\\\/www.ebc.mx\\\/ventana\\\/#website\",\"url\":\"https:\\\/\\\/www.ebc.mx\\\/ventana\\\/\",\"name\":\"Ventana | EBC\",\"description\":\"Portada\",\"potentialAction\":[{\"@type\":\"SearchAction\",\"target\":{\"@type\":\"EntryPoint\",\"urlTemplate\":\"https:\\\/\\\/www.ebc.mx\\\/ventana\\\/?s={search_term_string}\"},\"query-input\":{\"@type\":\"PropertyValueSpecification\",\"valueRequired\":true,\"valueName\":\"search_term_string\"}}],\"inLanguage\":\"es\"},{\"@type\":\"Person\",\"@id\":\"https:\\\/\\\/www.ebc.mx\\\/ventana\\\/#\\\/schema\\\/person\\\/dc331c773f36c11849cdc1fd25ba5904\",\"name\":\"Administrador\",\"image\":{\"@type\":\"ImageObject\",\"inLanguage\":\"es\",\"@id\":\"https:\\\/\\\/secure.gravatar.com\\\/avatar\\\/38258782bd8fbeae4fb46409ef1819544da0d3c58a695848bb3b550421c49034?s=96&d=blank&r=g\",\"url\":\"https:\\\/\\\/secure.gravatar.com\\\/avatar\\\/38258782bd8fbeae4fb46409ef1819544da0d3c58a695848bb3b550421c49034?s=96&d=blank&r=g\",\"contentUrl\":\"https:\\\/\\\/secure.gravatar.com\\\/avatar\\\/38258782bd8fbeae4fb46409ef1819544da0d3c58a695848bb3b550421c49034?s=96&d=blank&r=g\",\"caption\":\"Administrador\"},\"sameAs\":[\"https:\\\/\\\/x.com\\\/sauljaimesmx@gmail.com\"],\"url\":\"https:\\\/\\\/www.ebc.mx\\\/ventana\\\/author\\\/4dm1nv3ntan42023\\\/\"}]}<\/script>\n<!-- \/ Yoast SEO plugin. -->","yoast_head_json":{"title":"Tasa de inter\u00e9s: \u00bfDe qu\u00e9 forma afecta las finanzas personales? - Ventana | EBC","description":"Descubre las causas del incremento de las tasas de inter\u00e9s, su impacto en las finanzas personales y de las empresas a trav\u00e9s de un recorrido de su actividad en los \u00faltimos 10 a\u00f1os.","robots":{"index":"index","follow":"follow","max-snippet":"max-snippet:-1","max-image-preview":"max-image-preview:large","max-video-preview":"max-video-preview:-1"},"canonical":"https:\/\/www.ebc.mx\/ventana\/tasa-de-interes-de-que-forma-afecta-las-finanzas-personales\/","og_locale":"es_MX","og_type":"article","og_title":"Tasa de inter\u00e9s: \u00bfDe qu\u00e9 forma afecta las finanzas personales? - Ventana | EBC","og_description":"Descubre las causas del incremento de las tasas de inter\u00e9s, su impacto en las finanzas personales y de las empresas a trav\u00e9s de un recorrido de su actividad en los \u00faltimos 10 a\u00f1os.","og_url":"https:\/\/www.ebc.mx\/ventana\/tasa-de-interes-de-que-forma-afecta-las-finanzas-personales\/","og_site_name":"Ventana | EBC","article_published_time":"2022-09-29T00:00:14+00:00","article_modified_time":"2024-11-04T21:21:08+00:00","og_image":[{"width":843,"height":562,"url":"https:\/\/www.ebc.mx\/ventana\/wp-content\/uploads\/2022\/09\/EBC_sep_blog_11_tasas_de_interes_de_que_forma_afecta_la_finanzas_personales_header.jpg","type":"image\/jpeg"}],"author":"Administrador","twitter_card":"summary_large_image","twitter_creator":"@sauljaimesmx@gmail.com","twitter_misc":{"Escrito por":"Administrador","Tiempo de lectura":"5 minutos"},"schema":{"@context":"https:\/\/schema.org","@graph":[{"@type":"Article","@id":"https:\/\/www.ebc.mx\/ventana\/tasa-de-interes-de-que-forma-afecta-las-finanzas-personales\/#article","isPartOf":{"@id":"https:\/\/www.ebc.mx\/ventana\/tasa-de-interes-de-que-forma-afecta-las-finanzas-personales\/"},"author":{"name":"Administrador","@id":"https:\/\/www.ebc.mx\/ventana\/#\/schema\/person\/dc331c773f36c11849cdc1fd25ba5904"},"headline":"Tasa de inter\u00e9s: \u00bfDe qu\u00e9 forma afecta las finanzas personales?","datePublished":"2022-09-29T00:00:14+00:00","dateModified":"2024-11-04T21:21:08+00:00","mainEntityOfPage":{"@id":"https:\/\/www.ebc.mx\/ventana\/tasa-de-interes-de-que-forma-afecta-las-finanzas-personales\/"},"wordCount":1198,"image":{"@id":"https:\/\/www.ebc.mx\/ventana\/tasa-de-interes-de-que-forma-afecta-las-finanzas-personales\/#primaryimage"},"thumbnailUrl":"https:\/\/www.ebc.mx\/ventana\/wp-content\/uploads\/2022\/09\/EBC_sep_blog_11_tasas_de_interes_de_que_forma_afecta_la_finanzas_personales_header.jpg","keywords":["Econom\u00eda","Finanzas","Negocios","Tasas de inter\u00e9s"],"articleSection":["Mundo Inc"],"inLanguage":"es"},{"@type":"WebPage","@id":"https:\/\/www.ebc.mx\/ventana\/tasa-de-interes-de-que-forma-afecta-las-finanzas-personales\/","url":"https:\/\/www.ebc.mx\/ventana\/tasa-de-interes-de-que-forma-afecta-las-finanzas-personales\/","name":"Tasa de inter\u00e9s: \u00bfDe qu\u00e9 forma afecta las finanzas personales? - Ventana | EBC","isPartOf":{"@id":"https:\/\/www.ebc.mx\/ventana\/#website"},"primaryImageOfPage":{"@id":"https:\/\/www.ebc.mx\/ventana\/tasa-de-interes-de-que-forma-afecta-las-finanzas-personales\/#primaryimage"},"image":{"@id":"https:\/\/www.ebc.mx\/ventana\/tasa-de-interes-de-que-forma-afecta-las-finanzas-personales\/#primaryimage"},"thumbnailUrl":"https:\/\/www.ebc.mx\/ventana\/wp-content\/uploads\/2022\/09\/EBC_sep_blog_11_tasas_de_interes_de_que_forma_afecta_la_finanzas_personales_header.jpg","datePublished":"2022-09-29T00:00:14+00:00","dateModified":"2024-11-04T21:21:08+00:00","author":{"@id":"https:\/\/www.ebc.mx\/ventana\/#\/schema\/person\/dc331c773f36c11849cdc1fd25ba5904"},"description":"Descubre las causas del incremento de las tasas de inter\u00e9s, su impacto en las finanzas personales y de las empresas a trav\u00e9s de un recorrido de su actividad en los \u00faltimos 10 a\u00f1os.","breadcrumb":{"@id":"https:\/\/www.ebc.mx\/ventana\/tasa-de-interes-de-que-forma-afecta-las-finanzas-personales\/#breadcrumb"},"inLanguage":"es","potentialAction":[{"@type":"ReadAction","target":["https:\/\/www.ebc.mx\/ventana\/tasa-de-interes-de-que-forma-afecta-las-finanzas-personales\/"]}]},{"@type":"ImageObject","inLanguage":"es","@id":"https:\/\/www.ebc.mx\/ventana\/tasa-de-interes-de-que-forma-afecta-las-finanzas-personales\/#primaryimage","url":"https:\/\/www.ebc.mx\/ventana\/wp-content\/uploads\/2022\/09\/EBC_sep_blog_11_tasas_de_interes_de_que_forma_afecta_la_finanzas_personales_header.jpg","contentUrl":"https:\/\/www.ebc.mx\/ventana\/wp-content\/uploads\/2022\/09\/EBC_sep_blog_11_tasas_de_interes_de_que_forma_afecta_la_finanzas_personales_header.jpg","width":843,"height":562},{"@type":"BreadcrumbList","@id":"https:\/\/www.ebc.mx\/ventana\/tasa-de-interes-de-que-forma-afecta-las-finanzas-personales\/#breadcrumb","itemListElement":[{"@type":"ListItem","position":1,"name":"Inicio","item":"https:\/\/www.ebc.mx\/ventana\/"},{"@type":"ListItem","position":2,"name":"Tasa de inter\u00e9s: \u00bfDe qu\u00e9 forma afecta las finanzas personales?"}]},{"@type":"WebSite","@id":"https:\/\/www.ebc.mx\/ventana\/#website","url":"https:\/\/www.ebc.mx\/ventana\/","name":"Ventana | EBC","description":"Portada","potentialAction":[{"@type":"SearchAction","target":{"@type":"EntryPoint","urlTemplate":"https:\/\/www.ebc.mx\/ventana\/?s={search_term_string}"},"query-input":{"@type":"PropertyValueSpecification","valueRequired":true,"valueName":"search_term_string"}}],"inLanguage":"es"},{"@type":"Person","@id":"https:\/\/www.ebc.mx\/ventana\/#\/schema\/person\/dc331c773f36c11849cdc1fd25ba5904","name":"Administrador","image":{"@type":"ImageObject","inLanguage":"es","@id":"https:\/\/secure.gravatar.com\/avatar\/38258782bd8fbeae4fb46409ef1819544da0d3c58a695848bb3b550421c49034?s=96&d=blank&r=g","url":"https:\/\/secure.gravatar.com\/avatar\/38258782bd8fbeae4fb46409ef1819544da0d3c58a695848bb3b550421c49034?s=96&d=blank&r=g","contentUrl":"https:\/\/secure.gravatar.com\/avatar\/38258782bd8fbeae4fb46409ef1819544da0d3c58a695848bb3b550421c49034?s=96&d=blank&r=g","caption":"Administrador"},"sameAs":["https:\/\/x.com\/sauljaimesmx@gmail.com"],"url":"https:\/\/www.ebc.mx\/ventana\/author\/4dm1nv3ntan42023\/"}]}},"_links":{"self":[{"href":"https:\/\/www.ebc.mx\/ventana\/wp-json\/wp\/v2\/posts\/15883","targetHints":{"allow":["GET"]}}],"collection":[{"href":"https:\/\/www.ebc.mx\/ventana\/wp-json\/wp\/v2\/posts"}],"about":[{"href":"https:\/\/www.ebc.mx\/ventana\/wp-json\/wp\/v2\/types\/post"}],"author":[{"embeddable":true,"href":"https:\/\/www.ebc.mx\/ventana\/wp-json\/wp\/v2\/users\/2"}],"replies":[{"embeddable":true,"href":"https:\/\/www.ebc.mx\/ventana\/wp-json\/wp\/v2\/comments?post=15883"}],"version-history":[{"count":7,"href":"https:\/\/www.ebc.mx\/ventana\/wp-json\/wp\/v2\/posts\/15883\/revisions"}],"predecessor-version":[{"id":17443,"href":"https:\/\/www.ebc.mx\/ventana\/wp-json\/wp\/v2\/posts\/15883\/revisions\/17443"}],"wp:featuredmedia":[{"embeddable":true,"href":"https:\/\/www.ebc.mx\/ventana\/wp-json\/wp\/v2\/media\/15886"}],"wp:attachment":[{"href":"https:\/\/www.ebc.mx\/ventana\/wp-json\/wp\/v2\/media?parent=15883"}],"wp:term":[{"taxonomy":"category","embeddable":true,"href":"https:\/\/www.ebc.mx\/ventana\/wp-json\/wp\/v2\/categories?post=15883"},{"taxonomy":"post_tag","embeddable":true,"href":"https:\/\/www.ebc.mx\/ventana\/wp-json\/wp\/v2\/tags?post=15883"}],"curies":[{"name":"wp","href":"https:\/\/api.w.org\/{rel}","templated":true}]}}