{"id":15879,"date":"2022-09-29T00:00:22","date_gmt":"2022-09-29T00:00:22","guid":{"rendered":"https:\/\/ventana.serviciossube.info\/?p=4566"},"modified":"2024-11-04T14:18:25","modified_gmt":"2024-11-04T20:18:25","slug":"inflacion-global-el-kraken-mundial-que-enfrenta-la-sociedad","status":"publish","type":"post","link":"https:\/\/www.ebc.mx\/ventana\/inflacion-global-el-kraken-mundial-que-enfrenta-la-sociedad\/","title":{"rendered":"Inflaci\u00f3n global: el Kraken mundial que enfrenta la sociedad"},"content":{"rendered":"<p><strong>Tiempo de Lectura: 5 minutos<\/strong><\/p>\n<p><strong>Autor: <\/strong>Juan Carlos Cruz Tapia, Docente Licenciaturas Ejecutivas, Escuela Bancaria y Comercial.<\/p>\n<p><strong>\u00cdndice de contenido<\/strong><\/p>\n<ol>\n<li style=\"list-style-type: none;\">\n<ol>\n<li><a href=\"#l1\">El kraken mundial: la inflaci\u00f3n global<\/a><\/li>\n<li><a href=\"#l2\">\u00bfQu\u00e9 es la inflaci\u00f3n global?<\/a><\/li>\n<li><a href=\"#l3\">El origen de la tormenta perfecta: las causas de la inflaci\u00f3n global actual<\/a><\/li>\n<li><a href=\"#l4\">La tripulaci\u00f3n y su ruta a puerto: acciones para resolver la inflaci\u00f3n global<\/a><\/li>\n<\/ol>\n<\/li>\n<\/ol>\n<h2 id=\"l1\"><strong>El Kraken mundial: la inflaci\u00f3n global<\/strong><\/h2>\n<p>&nbsp;<\/p>\n<p>La mitolog\u00eda n\u00f3rdica y los bestiarios medievales describen a una criatura tan grande que era capaz de hundir embarcaciones enteras, un monstruo marino que se alberga en el oc\u00e9ano, con tal poder, que su historia ser\u00eda conocida por los marineros de todo el mundo: el Kraken. La mayor\u00eda de los que afirman haber combatido con uno, poco pudieron hacer con sus herramientas para vencerlo.<\/p>\n<p>&nbsp;<\/p>\n<p>Hoy los <strong>bancos centrales<\/strong> a nivel global enfrentan a un coloso con la fuerza suficiente para hundir el desempe\u00f1o de las econom\u00edas: la <strong>inflaci\u00f3n global<\/strong>, diversas regiones como Norteam\u00e9rica, Europa o Latinoam\u00e9rica enfrentan niveles inflacionarios no vistos en d\u00e9cadas, y no es desconocido que esto podr\u00eda empujar a una recesi\u00f3n econ\u00f3mica en la b\u00fasqueda de ser aliviados.<\/p>\n<h2 id=\"l2\"><strong>\u00bfQu\u00e9 es la inflaci\u00f3n global?<\/strong><\/h2>\n<p>La inflaci\u00f3n es la variable econ\u00f3mica que medir\u00e1 el aumento sostenido y generalizado de los precios dentro de una econom\u00eda, expresado de otra manera, ser\u00e1 el encarecimiento de los productos y servicios a trav\u00e9s del tiempo.<\/p>\n<p>&nbsp;<\/p>\n<p>Este fen\u00f3meno puede <strong>disminuir nuestro poder adquisitivo<\/strong> si nuestros ingresos no aumentan con la misma velocidad, cada pa\u00eds cuenta con su metodolog\u00eda y canasta de medici\u00f3n, basado en los patrones de consumo propios de su poblaci\u00f3n, donde se intenta encontrar la representatividad de los productos y servicios de los hogares.<\/p>\n<p>&nbsp;<\/p>\n<p>Cuando se<strong> mide la inflaci\u00f3n<\/strong> debemos tomar en cuenta dos factores: la magnitud en el movimiento de los precios y su velocidad, recordemos que, econ\u00f3micamente hablando una inflaci\u00f3n baja y estable ser\u00e1 positiva para una naci\u00f3n, de tal manera que se evitar\u00e1 postergar el consumo, se generar\u00e1n flujos monetarios y, a su vez, se tendr\u00e1 un equilibrio que no deje de lado el ahorro e inversi\u00f3n. Suena sencillo \u00bfcierto? En este sentido, la <strong>inflaci\u00f3n<\/strong> ser\u00e1 una de las variables con mayor importancia dentro de una econom\u00eda.<\/p>\n<h2 id=\"l3\"><strong>El origen de la tormenta perfecta: las causas de la inflaci\u00f3n global actual<\/strong><\/h2>\n<p>&nbsp;<\/p>\n<p>La ola inflacionaria actual dio inicio con las interrupciones en las cadenas de suministro, mismas que surgieron a ra\u00edz de la coyuntura sanitaria por el COVID-19, afectando diversos sectores a nivel global en la distribuci\u00f3n y adquisici\u00f3n de materias primas.<\/p>\n<p>&nbsp;<\/p>\n<p>Econom\u00edas detenidas, incertidumbre y esfuerzos enfocados en insumos m\u00e9dicos detonaron una primera ola de recorte en la oferta de bienes y servicios; el cambio clim\u00e1tico se sum\u00f3 a la causa mediante sequ\u00edas y heladas en regiones agr\u00edcolas, mermando la producci\u00f3n y <strong>aumentando<\/strong> el <strong>precio de materias<\/strong> primas como algod\u00f3n, ma\u00edz, soya y caf\u00e9.<\/p>\n<p>&nbsp;<\/p>\n<p>Por si fuera poco, una crisis en el mercado de semiconductores llevar\u00eda a los principales proveedores (Taiw\u00e1n y Corea del Sur), a redoblar los esfuerzos ante una creciente demanda de chips para computadoras, tabletas y dispositivos que apoyaron a sortear la vida en el confinamiento, lo que gener\u00f3 escasez de componentes.<\/p>\n<p>&nbsp;<\/p>\n<p>Lo anterior tambi\u00e9n puso en jaque otros sectores, como el automotriz; ya que retras\u00f3 la producci\u00f3n y entrega de nuevos autom\u00f3viles por varios meses, aumentando el precio de los veh\u00edculos usados, a tal grado que tambi\u00e9n aportar\u00eda su grano de arena a la inflaci\u00f3n.<\/p>\n<p>&nbsp;<\/p>\n<p>Por su parte, pa\u00edses como Estados Unidos, atravesaron crisis laborales, donde el principal problema radicaba en encontrar trabajadores, ya que con los est\u00edmulos brindados por el gobierno americano para los hogares, resultaba m\u00e1s redituable cobrar esos cheques, que salir a trabajar por salarios que desde su perspectiva no compensaban los recursos utilizados, lo que oblig\u00f3 a muchos negocios a cerrar sus puertas temporalmente, aumentar los salarios pagados y a su vez reflejar estos mayores costos en sus precios a los consumidores finales.<\/p>\n<p>&nbsp;<\/p>\n<p>Sin embargo, esto se encontrar\u00eda lejos de finalizar. En el primer trimestre de 2022 observamos el inicio de un conflicto entre Rusia y Ucrania, mismo que gener\u00f3 suspensiones en cadenas importantes de suministro, ya que Ucrania es uno de los mayores exportadores de granos como ma\u00edz, trigo, aceite de girasol, as\u00ed como hierro y productos intermedios. Por su parte, Rusia contiene como su mayor exportaci\u00f3n a los energ\u00e9ticos, petr\u00f3leo crudo, refinado, gas natural y carb\u00f3n; adem\u00e1s es una de las naciones con mayor exportaci\u00f3n de trigo a nivel global.<\/p>\n<p>&nbsp;<\/p>\n<p>Estas dos naciones tienen algo en com\u00fan: cerca del 40% de sus exportaciones van directamente a la Uni\u00f3n Europea, situaci\u00f3n que ha puesto en aprietos a la regi\u00f3n, desencadenando una <strong>subida de precios<\/strong> en producci\u00f3n y de la energ\u00eda. Precisamente, en d\u00edas recientes el Fondo Monetario Internacional (FMI) ha actualizado sus pron\u00f3sticos inflacionarios globales al alza derivado de la presi\u00f3n en los precios de los alimentos y energ\u00e9ticos, as\u00ed como a los persistentes desequilibrios entre la oferta y la demanda.<\/p>\n<h2 id=\"l4\"><strong>La tripulaci\u00f3n y su ruta a puerto: acciones para resolver la inflaci\u00f3n global<\/strong><\/h2>\n<p><strong>\u00a0<\/strong><\/p>\n<p>Los <strong>bancos centrales<\/strong> son las autoridades encargadas de la <strong>pol\u00edtica monetaria<\/strong>; de manera local tenemos al Banco de M\u00e9xico, aunque tambi\u00e9n existen figuras dentro del panorama internacional como la Reserva Federal (Estados Unidos) o el Banco Central Europeo, mismos que tendr\u00e1n participaci\u00f3n de suma importancia en sus regiones.<\/p>\n<p>&nbsp;<\/p>\n<p>Las acciones que de ellos deriven afectar\u00e1n el comportamiento de las tasas de inter\u00e9s, el volumen de cr\u00e9dito otorgado y la oferta de dinero en la econom\u00eda; factores que tienen directa influencia sobre los mercados financieros y variables econ\u00f3micas como la<strong> inflaci\u00f3n<\/strong>, la demanda agregada y el producto interno bruto.<\/p>\n<p>&nbsp;<\/p>\n<p>Como he mencionado, la principal herramienta que tendr\u00e1n los <strong>bancos centrales <\/strong>para el <strong>control de la inflaci\u00f3n <\/strong>ser\u00e1 la <strong>pol\u00edtica monetaria<\/strong>, ellos deber\u00e1n realizar un exhaustivo an\u00e1lisis de las variables que inciden en la <strong>inflaci\u00f3n<\/strong> de un pa\u00eds con el fin de poder anticipar su trayectoria y definir los instrumentos pertinentes en su control, al no poder influir directamente en los precios para lograr estabilidad, el principal aliado ser\u00e1 la tasa de inter\u00e9s.<\/p>\n<p>&nbsp;<\/p>\n<p>En este sentido, entre mayor sea la tasa de inter\u00e9s, los hogares optar\u00e1n por frenar el consumo e invertir sus recursos en diversos instrumentos que les brinden este rendimiento, disminuyendo su liquidez. De igual manera los actores productivos preferir\u00e1n disminuir sus niveles de endeudamiento, derivado de un mayor costo del dinero, restringiendo as\u00ed la demanda de bienes y servicios en la econom\u00eda; aunque hoy en d\u00eda el choque de precios viene primordialmente por un desequilibrio en la oferta.<\/p>\n<p>&nbsp;<\/p>\n<p>El aumento en las tasas de inter\u00e9s no busca detener los choques de precios, sino el efecto posterior, as\u00ed como anclar las expectativas inflacionarias. Para darnos una idea, en promedio a nivel Latinoam\u00e9rica, las principales econom\u00edas han tenido un aumento de 4.3 puntos porcentuales en sus tasas de inter\u00e9s en lo que va de 2022, con M\u00e9xico siendo el m\u00e1s mesurado, presentando una variaci\u00f3n al alza de 2.25%; seguido de Per\u00fa, Brasil, Chile y Colombia, con 3.5%, 4.0%, 5.75% y 6.0% respectivamente.<\/p>\n<p>&nbsp;<\/p>\n<p>La <strong>inflaci\u00f3n global<\/strong> no se encuentra cerca de aliviarse; esto requerir\u00e1 de un arduo trabajo en log\u00edstica y organizaci\u00f3n dentro de las pol\u00edticas internacionales. De acuerdo con el Fondo Monetario Internacional (FMI), el pico de la <strong>inflaci\u00f3n<\/strong> se estar\u00e1 alcanzando en este 2022, para despu\u00e9s comenzar una normalizaci\u00f3n convergente a niveles previos a la pandemia en los a\u00f1os posteriores.<\/p>\n<p>&nbsp;<\/p>\n<p>Cabe mencionar que los movimientos de tasa deben ser muy prudentes, ya que al final del d\u00eda, estaremos incidiendo en el costo del dinero dentro de una econom\u00eda, lo que podr\u00eda resultar contraproducente al frenar su crecimiento, generar desempleo, as\u00ed como menor demanda de bienes y servicios.<\/p>\n<p>&nbsp;<\/p>\n<p>Dentro de los principales riesgos presentados, el panorama muestra una potencial recesi\u00f3n econ\u00f3mica en Estados Unidos, escenario apoyado en el dato m\u00e1s reciente de crecimiento del Producto Interno Bruto (PIB) al segundo trimestre del 2022 con una cifra preliminar de -0.9%, hilando as\u00ed dos trimestres consecutivos de contracci\u00f3n y alertando a los inversionistas globales.<\/p>\n<p>&nbsp;<\/p>\n<p>Sin duda, el segundo semestre de este a\u00f1o, estar\u00e1 lleno de retos a nivel econ\u00f3mico, donde lo m\u00e1s importante ser\u00e1 no desestabilizar el poder adquisitivo de los hogares, encontrando un equilibrio en la oferta y demanda sin mermar el desempe\u00f1o de las econom\u00edas globales, una labor nada sencilla para todos los participantes en el ecosistema econ\u00f3mico, incluidos banqueros centrales, gobiernos, empresas y personas.Contenido publicado originalmente en <a href=\"https:\/\/www.forbes.com.mx\/inflacion-el-kraken-global\/\">Forbes<\/a>.<\/p>\n<p>&nbsp;<\/p>\n<p style=\"text-align: center;\"><span style=\"font-weight: 400;\">Si te gust\u00f3 este art\u00edculo, te sugerimos continuar con: <\/span><span style=\"font-weight: 400;\"><br \/>\n<\/span><b><\/b><\/p>\n<p style=\"text-align: center;\"><a href=\"https:\/\/www.ebc.mx\/ventana\/como-proteger-tus-finanzas-personales-en-una-recesion\/\"><b>\u00bfC\u00f3mo proteger tus finanzas personales en una recesi\u00f3n?<\/b><\/a><\/p>\n","protected":false},"excerpt":{"rendered":"<p>Tiempo de Lectura: 5 minutos Autor: Juan Carlos Cruz Tapia, Docente Licenciaturas Ejecutivas, Escuela Bancaria y Comercial. \u00cdndice de contenido El kraken mundial: la inflaci\u00f3n global \u00bfQu\u00e9 es la inflaci\u00f3n global? El origen de la tormenta perfecta: las causas de la inflaci\u00f3n global actual La tripulaci\u00f3n y su ruta a puerto: acciones para resolver la&hellip;<\/p>\n","protected":false},"author":2,"featured_media":15882,"comment_status":"closed","ping_status":"open","sticky":false,"template":"","format":"standard","meta":{"footnotes":""},"categories":[223],"tags":[308,316,328,228],"class_list":["post-15879","post","type-post","status-publish","format-standard","has-post-thumbnail","hentry","category-mundo-inc","tag-economia","tag-empresas","tag-inflacion","tag-negocios"],"yoast_head":"<!-- This site is optimized with the Yoast SEO plugin v27.3 - https:\/\/yoast.com\/product\/yoast-seo-wordpress\/ -->\n<title>Inflaci\u00f3n global: el Kraken mundial que enfrenta la sociedad - Ventana | EBC<\/title>\n<meta name=\"description\" content=\"Descubre el enfrentamiento de bancos centrales a nivel global,un coloso con la fuerza suficiente para hundir el desempe\u00f1o de las econom\u00edas: la inflaci\u00f3n global.Descubre el enfrentamiento de los bancos centrales a nivel global, un coloso con la fuerza suficiente para hundir el desempe\u00f1o de las econom\u00edas: la inflaci\u00f3n global.\" \/>\n<meta name=\"robots\" content=\"index, follow, max-snippet:-1, max-image-preview:large, max-video-preview:-1\" \/>\n<link rel=\"canonical\" href=\"https:\/\/www.ebc.mx\/ventana\/inflacion-global-el-kraken-mundial-que-enfrenta-la-sociedad\/\" \/>\n<meta property=\"og:locale\" content=\"es_MX\" \/>\n<meta property=\"og:type\" content=\"article\" \/>\n<meta property=\"og:title\" content=\"Inflaci\u00f3n global: el Kraken mundial que enfrenta la sociedad - Ventana | EBC\" \/>\n<meta property=\"og:description\" content=\"Descubre el enfrentamiento de bancos centrales a nivel global,un coloso con la fuerza suficiente para hundir el desempe\u00f1o de las econom\u00edas: la inflaci\u00f3n global.Descubre el enfrentamiento de los bancos centrales a nivel global, un coloso con la fuerza suficiente para hundir el desempe\u00f1o de las econom\u00edas: la inflaci\u00f3n global.\" \/>\n<meta property=\"og:url\" content=\"https:\/\/www.ebc.mx\/ventana\/inflacion-global-el-kraken-mundial-que-enfrenta-la-sociedad\/\" \/>\n<meta property=\"og:site_name\" content=\"Ventana | EBC\" \/>\n<meta property=\"article:published_time\" content=\"2022-09-29T00:00:22+00:00\" \/>\n<meta property=\"article:modified_time\" content=\"2024-11-04T20:18:25+00:00\" \/>\n<meta property=\"og:image\" content=\"https:\/\/www.ebc.mx\/ventana\/wp-content\/uploads\/2022\/09\/EBC_sep_blog_7_inflacion_global_el_kraken_mundial_que_afectan_los_bancos_img01.jpg\" \/>\n\t<meta property=\"og:image:width\" content=\"843\" \/>\n\t<meta property=\"og:image:height\" content=\"562\" \/>\n\t<meta property=\"og:image:type\" content=\"image\/jpeg\" \/>\n<meta name=\"author\" content=\"Administrador\" \/>\n<meta name=\"twitter:card\" content=\"summary_large_image\" \/>\n<meta name=\"twitter:creator\" content=\"@sauljaimesmx@gmail.com\" \/>\n<meta name=\"twitter:label1\" content=\"Escrito por\" \/>\n\t<meta name=\"twitter:data1\" content=\"Administrador\" \/>\n\t<meta name=\"twitter:label2\" content=\"Tiempo de lectura\" \/>\n\t<meta name=\"twitter:data2\" content=\"7 minutos\" \/>\n<script type=\"application\/ld+json\" class=\"yoast-schema-graph\">{\"@context\":\"https:\\\/\\\/schema.org\",\"@graph\":[{\"@type\":\"Article\",\"@id\":\"https:\\\/\\\/www.ebc.mx\\\/ventana\\\/inflacion-global-el-kraken-mundial-que-enfrenta-la-sociedad\\\/#article\",\"isPartOf\":{\"@id\":\"https:\\\/\\\/www.ebc.mx\\\/ventana\\\/inflacion-global-el-kraken-mundial-que-enfrenta-la-sociedad\\\/\"},\"author\":{\"name\":\"Administrador\",\"@id\":\"https:\\\/\\\/www.ebc.mx\\\/ventana\\\/#\\\/schema\\\/person\\\/dc331c773f36c11849cdc1fd25ba5904\"},\"headline\":\"Inflaci\u00f3n global: el Kraken mundial que enfrenta la sociedad\",\"datePublished\":\"2022-09-29T00:00:22+00:00\",\"dateModified\":\"2024-11-04T20:18:25+00:00\",\"mainEntityOfPage\":{\"@id\":\"https:\\\/\\\/www.ebc.mx\\\/ventana\\\/inflacion-global-el-kraken-mundial-que-enfrenta-la-sociedad\\\/\"},\"wordCount\":1698,\"image\":{\"@id\":\"https:\\\/\\\/www.ebc.mx\\\/ventana\\\/inflacion-global-el-kraken-mundial-que-enfrenta-la-sociedad\\\/#primaryimage\"},\"thumbnailUrl\":\"https:\\\/\\\/www.ebc.mx\\\/ventana\\\/wp-content\\\/uploads\\\/2022\\\/09\\\/EBC_sep_blog_7_inflacion_global_el_kraken_mundial_que_afectan_los_bancos_img01.jpg\",\"keywords\":[\"Econom\u00eda\",\"Empresas\",\"Inflaci\u00f3n\",\"Negocios\"],\"articleSection\":[\"Mundo Inc\"],\"inLanguage\":\"es\"},{\"@type\":\"WebPage\",\"@id\":\"https:\\\/\\\/www.ebc.mx\\\/ventana\\\/inflacion-global-el-kraken-mundial-que-enfrenta-la-sociedad\\\/\",\"url\":\"https:\\\/\\\/www.ebc.mx\\\/ventana\\\/inflacion-global-el-kraken-mundial-que-enfrenta-la-sociedad\\\/\",\"name\":\"Inflaci\u00f3n global: el Kraken mundial que enfrenta la sociedad - Ventana | EBC\",\"isPartOf\":{\"@id\":\"https:\\\/\\\/www.ebc.mx\\\/ventana\\\/#website\"},\"primaryImageOfPage\":{\"@id\":\"https:\\\/\\\/www.ebc.mx\\\/ventana\\\/inflacion-global-el-kraken-mundial-que-enfrenta-la-sociedad\\\/#primaryimage\"},\"image\":{\"@id\":\"https:\\\/\\\/www.ebc.mx\\\/ventana\\\/inflacion-global-el-kraken-mundial-que-enfrenta-la-sociedad\\\/#primaryimage\"},\"thumbnailUrl\":\"https:\\\/\\\/www.ebc.mx\\\/ventana\\\/wp-content\\\/uploads\\\/2022\\\/09\\\/EBC_sep_blog_7_inflacion_global_el_kraken_mundial_que_afectan_los_bancos_img01.jpg\",\"datePublished\":\"2022-09-29T00:00:22+00:00\",\"dateModified\":\"2024-11-04T20:18:25+00:00\",\"author\":{\"@id\":\"https:\\\/\\\/www.ebc.mx\\\/ventana\\\/#\\\/schema\\\/person\\\/dc331c773f36c11849cdc1fd25ba5904\"},\"description\":\"Descubre el enfrentamiento de bancos centrales a nivel global,un coloso con la fuerza suficiente para hundir el desempe\u00f1o de las econom\u00edas: la inflaci\u00f3n global.Descubre el enfrentamiento de los bancos centrales a nivel global, un coloso con la fuerza suficiente para hundir el desempe\u00f1o de las econom\u00edas: la inflaci\u00f3n global.\",\"breadcrumb\":{\"@id\":\"https:\\\/\\\/www.ebc.mx\\\/ventana\\\/inflacion-global-el-kraken-mundial-que-enfrenta-la-sociedad\\\/#breadcrumb\"},\"inLanguage\":\"es\",\"potentialAction\":[{\"@type\":\"ReadAction\",\"target\":[\"https:\\\/\\\/www.ebc.mx\\\/ventana\\\/inflacion-global-el-kraken-mundial-que-enfrenta-la-sociedad\\\/\"]}]},{\"@type\":\"ImageObject\",\"inLanguage\":\"es\",\"@id\":\"https:\\\/\\\/www.ebc.mx\\\/ventana\\\/inflacion-global-el-kraken-mundial-que-enfrenta-la-sociedad\\\/#primaryimage\",\"url\":\"https:\\\/\\\/www.ebc.mx\\\/ventana\\\/wp-content\\\/uploads\\\/2022\\\/09\\\/EBC_sep_blog_7_inflacion_global_el_kraken_mundial_que_afectan_los_bancos_img01.jpg\",\"contentUrl\":\"https:\\\/\\\/www.ebc.mx\\\/ventana\\\/wp-content\\\/uploads\\\/2022\\\/09\\\/EBC_sep_blog_7_inflacion_global_el_kraken_mundial_que_afectan_los_bancos_img01.jpg\",\"width\":843,\"height\":562},{\"@type\":\"BreadcrumbList\",\"@id\":\"https:\\\/\\\/www.ebc.mx\\\/ventana\\\/inflacion-global-el-kraken-mundial-que-enfrenta-la-sociedad\\\/#breadcrumb\",\"itemListElement\":[{\"@type\":\"ListItem\",\"position\":1,\"name\":\"Inicio\",\"item\":\"https:\\\/\\\/www.ebc.mx\\\/ventana\\\/\"},{\"@type\":\"ListItem\",\"position\":2,\"name\":\"Inflaci\u00f3n global: el Kraken mundial que enfrenta la sociedad\"}]},{\"@type\":\"WebSite\",\"@id\":\"https:\\\/\\\/www.ebc.mx\\\/ventana\\\/#website\",\"url\":\"https:\\\/\\\/www.ebc.mx\\\/ventana\\\/\",\"name\":\"Ventana | EBC\",\"description\":\"Portada\",\"potentialAction\":[{\"@type\":\"SearchAction\",\"target\":{\"@type\":\"EntryPoint\",\"urlTemplate\":\"https:\\\/\\\/www.ebc.mx\\\/ventana\\\/?s={search_term_string}\"},\"query-input\":{\"@type\":\"PropertyValueSpecification\",\"valueRequired\":true,\"valueName\":\"search_term_string\"}}],\"inLanguage\":\"es\"},{\"@type\":\"Person\",\"@id\":\"https:\\\/\\\/www.ebc.mx\\\/ventana\\\/#\\\/schema\\\/person\\\/dc331c773f36c11849cdc1fd25ba5904\",\"name\":\"Administrador\",\"image\":{\"@type\":\"ImageObject\",\"inLanguage\":\"es\",\"@id\":\"https:\\\/\\\/secure.gravatar.com\\\/avatar\\\/38258782bd8fbeae4fb46409ef1819544da0d3c58a695848bb3b550421c49034?s=96&d=blank&r=g\",\"url\":\"https:\\\/\\\/secure.gravatar.com\\\/avatar\\\/38258782bd8fbeae4fb46409ef1819544da0d3c58a695848bb3b550421c49034?s=96&d=blank&r=g\",\"contentUrl\":\"https:\\\/\\\/secure.gravatar.com\\\/avatar\\\/38258782bd8fbeae4fb46409ef1819544da0d3c58a695848bb3b550421c49034?s=96&d=blank&r=g\",\"caption\":\"Administrador\"},\"sameAs\":[\"https:\\\/\\\/x.com\\\/sauljaimesmx@gmail.com\"],\"url\":\"https:\\\/\\\/www.ebc.mx\\\/ventana\\\/author\\\/4dm1nv3ntan42023\\\/\"}]}<\/script>\n<!-- \/ Yoast SEO plugin. -->","yoast_head_json":{"title":"Inflaci\u00f3n global: el Kraken mundial que enfrenta la sociedad - Ventana | EBC","description":"Descubre el enfrentamiento de bancos centrales a nivel global,un coloso con la fuerza suficiente para hundir el desempe\u00f1o de las econom\u00edas: la inflaci\u00f3n global.Descubre el enfrentamiento de los bancos centrales a nivel global, un coloso con la fuerza suficiente para hundir el desempe\u00f1o de las econom\u00edas: la inflaci\u00f3n global.","robots":{"index":"index","follow":"follow","max-snippet":"max-snippet:-1","max-image-preview":"max-image-preview:large","max-video-preview":"max-video-preview:-1"},"canonical":"https:\/\/www.ebc.mx\/ventana\/inflacion-global-el-kraken-mundial-que-enfrenta-la-sociedad\/","og_locale":"es_MX","og_type":"article","og_title":"Inflaci\u00f3n global: el Kraken mundial que enfrenta la sociedad - Ventana | EBC","og_description":"Descubre el enfrentamiento de bancos centrales a nivel global,un coloso con la fuerza suficiente para hundir el desempe\u00f1o de las econom\u00edas: la inflaci\u00f3n global.Descubre el enfrentamiento de los bancos centrales a nivel global, un coloso con la fuerza suficiente para hundir el desempe\u00f1o de las econom\u00edas: la inflaci\u00f3n global.","og_url":"https:\/\/www.ebc.mx\/ventana\/inflacion-global-el-kraken-mundial-que-enfrenta-la-sociedad\/","og_site_name":"Ventana | EBC","article_published_time":"2022-09-29T00:00:22+00:00","article_modified_time":"2024-11-04T20:18:25+00:00","og_image":[{"width":843,"height":562,"url":"https:\/\/www.ebc.mx\/ventana\/wp-content\/uploads\/2022\/09\/EBC_sep_blog_7_inflacion_global_el_kraken_mundial_que_afectan_los_bancos_img01.jpg","type":"image\/jpeg"}],"author":"Administrador","twitter_card":"summary_large_image","twitter_creator":"@sauljaimesmx@gmail.com","twitter_misc":{"Escrito por":"Administrador","Tiempo de lectura":"7 minutos"},"schema":{"@context":"https:\/\/schema.org","@graph":[{"@type":"Article","@id":"https:\/\/www.ebc.mx\/ventana\/inflacion-global-el-kraken-mundial-que-enfrenta-la-sociedad\/#article","isPartOf":{"@id":"https:\/\/www.ebc.mx\/ventana\/inflacion-global-el-kraken-mundial-que-enfrenta-la-sociedad\/"},"author":{"name":"Administrador","@id":"https:\/\/www.ebc.mx\/ventana\/#\/schema\/person\/dc331c773f36c11849cdc1fd25ba5904"},"headline":"Inflaci\u00f3n global: el Kraken mundial que enfrenta la sociedad","datePublished":"2022-09-29T00:00:22+00:00","dateModified":"2024-11-04T20:18:25+00:00","mainEntityOfPage":{"@id":"https:\/\/www.ebc.mx\/ventana\/inflacion-global-el-kraken-mundial-que-enfrenta-la-sociedad\/"},"wordCount":1698,"image":{"@id":"https:\/\/www.ebc.mx\/ventana\/inflacion-global-el-kraken-mundial-que-enfrenta-la-sociedad\/#primaryimage"},"thumbnailUrl":"https:\/\/www.ebc.mx\/ventana\/wp-content\/uploads\/2022\/09\/EBC_sep_blog_7_inflacion_global_el_kraken_mundial_que_afectan_los_bancos_img01.jpg","keywords":["Econom\u00eda","Empresas","Inflaci\u00f3n","Negocios"],"articleSection":["Mundo Inc"],"inLanguage":"es"},{"@type":"WebPage","@id":"https:\/\/www.ebc.mx\/ventana\/inflacion-global-el-kraken-mundial-que-enfrenta-la-sociedad\/","url":"https:\/\/www.ebc.mx\/ventana\/inflacion-global-el-kraken-mundial-que-enfrenta-la-sociedad\/","name":"Inflaci\u00f3n global: el Kraken mundial que enfrenta la sociedad - Ventana | EBC","isPartOf":{"@id":"https:\/\/www.ebc.mx\/ventana\/#website"},"primaryImageOfPage":{"@id":"https:\/\/www.ebc.mx\/ventana\/inflacion-global-el-kraken-mundial-que-enfrenta-la-sociedad\/#primaryimage"},"image":{"@id":"https:\/\/www.ebc.mx\/ventana\/inflacion-global-el-kraken-mundial-que-enfrenta-la-sociedad\/#primaryimage"},"thumbnailUrl":"https:\/\/www.ebc.mx\/ventana\/wp-content\/uploads\/2022\/09\/EBC_sep_blog_7_inflacion_global_el_kraken_mundial_que_afectan_los_bancos_img01.jpg","datePublished":"2022-09-29T00:00:22+00:00","dateModified":"2024-11-04T20:18:25+00:00","author":{"@id":"https:\/\/www.ebc.mx\/ventana\/#\/schema\/person\/dc331c773f36c11849cdc1fd25ba5904"},"description":"Descubre el enfrentamiento de bancos centrales a nivel global,un coloso con la fuerza suficiente para hundir el desempe\u00f1o de las econom\u00edas: la inflaci\u00f3n global.Descubre el enfrentamiento de los bancos centrales a nivel global, un coloso con la fuerza suficiente para hundir el desempe\u00f1o de las econom\u00edas: la inflaci\u00f3n global.","breadcrumb":{"@id":"https:\/\/www.ebc.mx\/ventana\/inflacion-global-el-kraken-mundial-que-enfrenta-la-sociedad\/#breadcrumb"},"inLanguage":"es","potentialAction":[{"@type":"ReadAction","target":["https:\/\/www.ebc.mx\/ventana\/inflacion-global-el-kraken-mundial-que-enfrenta-la-sociedad\/"]}]},{"@type":"ImageObject","inLanguage":"es","@id":"https:\/\/www.ebc.mx\/ventana\/inflacion-global-el-kraken-mundial-que-enfrenta-la-sociedad\/#primaryimage","url":"https:\/\/www.ebc.mx\/ventana\/wp-content\/uploads\/2022\/09\/EBC_sep_blog_7_inflacion_global_el_kraken_mundial_que_afectan_los_bancos_img01.jpg","contentUrl":"https:\/\/www.ebc.mx\/ventana\/wp-content\/uploads\/2022\/09\/EBC_sep_blog_7_inflacion_global_el_kraken_mundial_que_afectan_los_bancos_img01.jpg","width":843,"height":562},{"@type":"BreadcrumbList","@id":"https:\/\/www.ebc.mx\/ventana\/inflacion-global-el-kraken-mundial-que-enfrenta-la-sociedad\/#breadcrumb","itemListElement":[{"@type":"ListItem","position":1,"name":"Inicio","item":"https:\/\/www.ebc.mx\/ventana\/"},{"@type":"ListItem","position":2,"name":"Inflaci\u00f3n global: el Kraken mundial que enfrenta la sociedad"}]},{"@type":"WebSite","@id":"https:\/\/www.ebc.mx\/ventana\/#website","url":"https:\/\/www.ebc.mx\/ventana\/","name":"Ventana | EBC","description":"Portada","potentialAction":[{"@type":"SearchAction","target":{"@type":"EntryPoint","urlTemplate":"https:\/\/www.ebc.mx\/ventana\/?s={search_term_string}"},"query-input":{"@type":"PropertyValueSpecification","valueRequired":true,"valueName":"search_term_string"}}],"inLanguage":"es"},{"@type":"Person","@id":"https:\/\/www.ebc.mx\/ventana\/#\/schema\/person\/dc331c773f36c11849cdc1fd25ba5904","name":"Administrador","image":{"@type":"ImageObject","inLanguage":"es","@id":"https:\/\/secure.gravatar.com\/avatar\/38258782bd8fbeae4fb46409ef1819544da0d3c58a695848bb3b550421c49034?s=96&d=blank&r=g","url":"https:\/\/secure.gravatar.com\/avatar\/38258782bd8fbeae4fb46409ef1819544da0d3c58a695848bb3b550421c49034?s=96&d=blank&r=g","contentUrl":"https:\/\/secure.gravatar.com\/avatar\/38258782bd8fbeae4fb46409ef1819544da0d3c58a695848bb3b550421c49034?s=96&d=blank&r=g","caption":"Administrador"},"sameAs":["https:\/\/x.com\/sauljaimesmx@gmail.com"],"url":"https:\/\/www.ebc.mx\/ventana\/author\/4dm1nv3ntan42023\/"}]}},"_links":{"self":[{"href":"https:\/\/www.ebc.mx\/ventana\/wp-json\/wp\/v2\/posts\/15879","targetHints":{"allow":["GET"]}}],"collection":[{"href":"https:\/\/www.ebc.mx\/ventana\/wp-json\/wp\/v2\/posts"}],"about":[{"href":"https:\/\/www.ebc.mx\/ventana\/wp-json\/wp\/v2\/types\/post"}],"author":[{"embeddable":true,"href":"https:\/\/www.ebc.mx\/ventana\/wp-json\/wp\/v2\/users\/2"}],"replies":[{"embeddable":true,"href":"https:\/\/www.ebc.mx\/ventana\/wp-json\/wp\/v2\/comments?post=15879"}],"version-history":[{"count":5,"href":"https:\/\/www.ebc.mx\/ventana\/wp-json\/wp\/v2\/posts\/15879\/revisions"}],"predecessor-version":[{"id":17403,"href":"https:\/\/www.ebc.mx\/ventana\/wp-json\/wp\/v2\/posts\/15879\/revisions\/17403"}],"wp:featuredmedia":[{"embeddable":true,"href":"https:\/\/www.ebc.mx\/ventana\/wp-json\/wp\/v2\/media\/15882"}],"wp:attachment":[{"href":"https:\/\/www.ebc.mx\/ventana\/wp-json\/wp\/v2\/media?parent=15879"}],"wp:term":[{"taxonomy":"category","embeddable":true,"href":"https:\/\/www.ebc.mx\/ventana\/wp-json\/wp\/v2\/categories?post=15879"},{"taxonomy":"post_tag","embeddable":true,"href":"https:\/\/www.ebc.mx\/ventana\/wp-json\/wp\/v2\/tags?post=15879"}],"curies":[{"name":"wp","href":"https:\/\/api.w.org\/{rel}","templated":true}]}}