{"id":15852,"date":"2022-09-29T00:00:56","date_gmt":"2022-09-29T00:00:56","guid":{"rendered":"https:\/\/ventana.serviciossube.info\/?p=4608"},"modified":"2024-11-04T15:00:00","modified_gmt":"2024-11-04T21:00:00","slug":"expansion-tecnologica-y-su-impacto-en-los-negocios-la-busqueda-de-personal","status":"publish","type":"post","link":"https:\/\/www.ebc.mx\/ventana\/expansion-tecnologica-y-su-impacto-en-los-negocios-la-busqueda-de-personal\/","title":{"rendered":"Expansi\u00f3n tecnol\u00f3gica y su impacto en los negocios: la b\u00fasqueda de personal"},"content":{"rendered":"<p>Tiempo de Lectura: 3 minutos<\/p>\n<p><strong>Autor: <\/strong><span style=\"font-weight: 400;\">Ram\u00f3n B. Mart\u00ednez Ju\u00e1rez, Docente Campus Ciudad de M\u00e9xico,\u00a0<\/span><span style=\"font-weight: 400;\">Escuela Bancaria y Comercial<\/span><\/p>\n<p><strong>\u00cdndice de contenido<\/strong><\/p>\n<ol>\n<li style=\"list-style-type: none;\">\n<ol>\n<li><a href=\"#l1\">\u00bfC\u00f3mo impacta la extensi\u00f3n tecnol\u00f3gica en los negocios?<\/a><\/li>\n<li><a href=\"#l2\">La expansi\u00f3n tecnol\u00f3gica como pilar del crecimiento empresarial<\/a><\/li>\n<li><a href=\"#l3\">La expansi\u00f3n tecnol\u00f3gica como inspiraci\u00f3n para la construcci\u00f3n del cambio<\/a><\/li>\n<\/ol>\n<\/li>\n<\/ol>\n<h2 id=\"l1\"><b>\u00bfC\u00f3mo impacta la extensi\u00f3n tecnol\u00f3gica en los negocios?<\/b><\/h2>\n<p><span style=\"font-weight: 400;\">El <\/span><b>avance tecnol\u00f3gico<\/b><span style=\"font-weight: 400;\">,<\/span><span style=\"font-weight: 400;\"> incluso despu\u00e9s de la pandemia por COVID-19, aument\u00f3 durante los \u00faltimos a\u00f1os y se impuso como factor determinante para el crecimiento de las empresas.\u00a0<\/span><\/p>\n<p>&nbsp;<\/p>\n<p><span style=\"font-weight: 400;\">Al respecto, el mundo de los negocios se ha visto fuertemente influenciado, por lo que ha buscado adaptarse a las necesidades de un entorno cada vez m\u00e1s competitivo y demandante que tiene por objetivo seguir sumando la innovaci\u00f3n a sus herramientas del d\u00eda a d\u00eda.<\/span><\/p>\n<p>&nbsp;<\/p>\n<p><span style=\"font-weight: 400;\">Muestra de lo anterior son los datos obtenidos por el World Economic Forum, el cual menciona en su informe <\/span><a href=\"https:\/\/www.weforum.org\/reports\/the-future-of-jobs-report-2020\/\"><i><span style=\"font-weight: 400;\">The Future of Jobs Report 2020<\/span><\/i> <\/a><span style=\"font-weight: 400;\">el inter\u00e9s de las organizaciones por expandir su fuerza de trabajo en un 34% mediante la integraci\u00f3n y <\/span><b>expansi\u00f3n tecnol\u00f3gica <\/b><b>\u00a0<\/b><span style=\"font-weight: 400;\">m\u00e1s profunda.<\/span><\/p>\n<p>&nbsp;<\/p>\n<p><span style=\"font-weight: 400;\">Por ello, los modelos de negocio est\u00e1n presentando una transformaci\u00f3n positiva al incorporar diversos instrumentos digitales, como la omnicanalidad, la cultura <\/span><i><span style=\"font-weight: 400;\">data driven<\/span><\/i><span style=\"font-weight: 400;\"> y la <\/span><b>inteligencia artificial<\/b><span style=\"font-weight: 400;\">, que aporten elementos diferenciadores para conseguir la satisfacci\u00f3n de los consumidores, as\u00ed como la fidelizaci\u00f3n de estos mismos, con lo que no s\u00f3lo se ver\u00e1 una mejora en el progreso del sector, sino el incremento de oportunidades.<\/span><\/p>\n<h2 id=\"l2\"><b>La expansi\u00f3n tecnol\u00f3gica como pilar del crecimiento empresarial\u00a0<\/b><\/h2>\n<p><span style=\"font-weight: 400;\">En cuanto a la tecnolog\u00eda, resulta fundamental reconocer su constante evoluci\u00f3n, hecho que deja en claro lo esencial de incluir este recurso a la estructura organizacional, tal como lo se\u00f1al\u00f3 el L\u00edder de la Licenciatura Ejecutiva en Programaci\u00f3n y Transformaci\u00f3n Digital de la Escuela Bancaria y Comercial, Ram\u00f3n Mart\u00ednez Ju\u00e1rez: \u201cLa tecnolog\u00eda no cambia, la tecnolog\u00eda evoluciona y las empresas ya no tienen que cambiar, tienen que evolucionar sin perder de vista su modelo de negocio\u201d.<\/span><\/p>\n<p>&nbsp;<\/p>\n<p><span style=\"font-weight: 400;\">Como consecuencia, las compa\u00f1\u00edas est\u00e1n optando por hallar profesionales que no s\u00f3lo se enfoquen en la realizaci\u00f3n de tareas t\u00e9cnicas, sino que cuenten con una visi\u00f3n hol\u00edstica; es decir, el manejo tanto de <\/span><i><span style=\"font-weight: 400;\">hard <\/span><\/i><span style=\"font-weight: 400;\">y<\/span> <a href=\"https:\/\/www.ebc.mx\/ventana\/las-habilidades-blandas-en-el-nuevo-entorno-laboral\/\"><i><span style=\"font-weight: 400;\">soft skills,<\/span><\/i><\/a><span style=\"font-weight: 400;\"> como la capacidad de ser proactivos para comprender en su totalidad los modelos de negocio, as\u00ed como todo lo que de ellos se deriva.<\/span><\/p>\n<p><span style=\"font-weight: 400;\">En palabras de Mart\u00ednez Ju\u00e1rez, las <\/span><b>empresas necesitan<\/b><span style=\"font-weight: 400;\"> \u201ctalento que tenga esta capacidad de entender el negocio, porque entendiendo el negocio, la forma de traducirlo en un tema tecnol\u00f3gico ser\u00e1 mucho m\u00e1s sencilla\u201d.<\/span><\/p>\n<p>&nbsp;<\/p>\n<p><span style=\"font-weight: 400;\">Lo anterior es uno de los puntos focales para la contrataci\u00f3n de nuevo talento; sin embargo, tambi\u00e9n es uno de los retos a los que pa\u00edses como M\u00e9xico se enfrentan, pues el n\u00famero de personas que cuentan con dichas habilidades y conocimientos es limitado. Del mismo modo, encontrar capital humano integral, capaz de agregar un alto valor a las empresas, se dificulta al no contar con una educaci\u00f3n que permita la adquisici\u00f3n de tales competencias.<\/span><\/p>\n<h2 id=\"l3\"><b>La expansi\u00f3n tecnol\u00f3gica como inspiraci\u00f3n para la construcci\u00f3n del cambio<\/b><\/h2>\n<p><span style=\"font-weight: 400;\">Es as\u00ed como, en respuesta a este cambio trascendental que<\/span><span style=\"font-weight: 400;\"> trae la <\/span><b>expansi\u00f3n tecnol\u00f3gica<\/b><span style=\"font-weight: 400;\">, la EBC fij\u00f3 su atenci\u00f3n en la creaci\u00f3n de la <\/span><a href=\"https:\/\/www.ebc.mx\/licenciaturas-ejecutivas\/licenciatura-ejecutiva-programacion-transformacion-digital\"><span style=\"font-weight: 400;\">Licenciatura Ejecutiva en Programaci\u00f3n y Transformaci\u00f3n Digital,<\/span><\/a><span style=\"font-weight: 400;\"> un programa que tiene como meta formar profesionales listos para aportar soluciones automatizadas e integradas mediante el uso de estrategias digitales que beneficien el establecimiento y fortalecimiento de cualquier negocio.\u00a0<\/span><\/p>\n<p>&nbsp;<\/p>\n<p><span style=\"font-weight: 400;\">Para llevarlo a cabo, Mart\u00ednez Ju\u00e1rez menciona que la Instituci\u00f3n ha dise\u00f1ado una licenciatura completa, pues \u201cdesarrolla conocimientos t\u00e9cnicos, pero, adem\u00e1s, brinda la posibilidad de adquirir <\/span><i><span style=\"font-weight: 400;\">soft skills <\/span><\/i><span style=\"font-weight: 400;\">y, lo m\u00e1s importante, incorpora materias <\/span><i><span style=\"font-weight: 400;\">boot camp,<\/span><\/i><span style=\"font-weight: 400;\"> que son las que aportan entendimiento de un modelo de negocio que es donde se desarrolla la parte de <\/span><b>innovaci\u00f3n tecnol\u00f3gica<\/b><span style=\"font-weight: 400;\">.\u201d<\/span><\/p>\n<p>&nbsp;<\/p>\n<p><span style=\"font-weight: 400;\">Asimismo, con el prop\u00f3sito de lograr una r\u00e1pida inserci\u00f3n de los j\u00f3venes en el campo laboral, dicho programa fue concebido de modalidad flexible para cursarse a lo largo de dos a\u00f1os y medio, teniendo como sustento el respaldo de una instituci\u00f3n como lo es la Escuela de Negocios de M\u00e9xico, a lo cual agreg\u00f3 Mart\u00ednez: \u201cla incorporaci\u00f3n de los valores, de la visi\u00f3n empresarial que tiene la EBC, hace que esta licenciatura se convierta en una estructura con una visi\u00f3n integrada, una visi\u00f3n de punta a punta en los negocios\u201d.\u00a0<\/span><\/p>\n<p>&nbsp;<\/p>\n<p><span style=\"font-weight: 400;\">De esta forma, la Escuela Bancaria y Comercial mantiene su compromiso de seguir inspirando, a trav\u00e9s de una formaci\u00f3n especializada en negocios, a las nuevas generaciones que est\u00e1n deseosas por participar en los cambios que la comunidad requiere.\u00a0<\/span><\/p>\n<p><span style=\"font-weight: 400;\">Contenido publicado originalmente en <\/span><a href=\"https:\/\/www.eleconomista.com.mx\/empresas\/La-expansion-tecnologica-y-su-impacto-en-los-negocios-20220801-0042.html\"><span style=\"font-weight: 400;\">Economista<\/span><\/a><span style=\"font-weight: 400;\">\u00a0 y <\/span><a href=\"https:\/\/expansion.mx\/economia\/2022\/08\/01\/la-expansion-tecnologica-y-su-impacto-en-los-negocios\"><span style=\"font-weight: 400;\">Expansi\u00f3n<\/span><\/a><\/p>\n<p>&nbsp;<\/p>\n<p style=\"text-align: center;\"><span style=\"font-weight: 400;\">Si te gust\u00f3 este art\u00edculo, te sugerimos continuar con:<\/span><\/p>\n<p style=\"text-align: center;\"><a href=\"https:\/\/www.ebc.mx\/ventana\/estudios-de-posgrado-nuevas-competencias-y-retos-en-el-panorama-laboral-actual\/\"><b>Estudios de posgrado: nuevas competencias y retos en el panorama laboral actual<\/b><\/a><\/p>\n","protected":false},"excerpt":{"rendered":"<p>Tiempo de Lectura: 3 minutos Autor: Ram\u00f3n B. Mart\u00ednez Ju\u00e1rez, Docente Campus Ciudad de M\u00e9xico,\u00a0Escuela Bancaria y Comercial \u00cdndice de contenido \u00bfC\u00f3mo impacta la extensi\u00f3n tecnol\u00f3gica en los negocios? La expansi\u00f3n tecnol\u00f3gica como pilar del crecimiento empresarial La expansi\u00f3n tecnol\u00f3gica como inspiraci\u00f3n para la construcci\u00f3n del cambio \u00bfC\u00f3mo impacta la extensi\u00f3n tecnol\u00f3gica en los negocios?&hellip;<\/p>\n","protected":false},"author":2,"featured_media":15854,"comment_status":"closed","ping_status":"open","sticky":false,"template":"","format":"standard","meta":{"footnotes":""},"categories":[223],"tags":[228,323,294,314],"class_list":["post-15852","post","type-post","status-publish","format-standard","has-post-thumbnail","hentry","category-mundo-inc","tag-negocios","tag-profesionales","tag-talento","tag-tecnologia"],"yoast_head":"<!-- This site is optimized with the Yoast SEO plugin v27.3 - https:\/\/yoast.com\/product\/yoast-seo-wordpress\/ -->\n<title>Expansi\u00f3n tecnol\u00f3gica y su impacto en los negocios: la b\u00fasqueda de personal - Ventana | EBC<\/title>\n<meta name=\"description\" content=\"Descubre c\u00f3mo las empresas est\u00e1n actuando ante la expansi\u00f3n tecnol\u00f3gica, su b\u00fasqueda de personal capacitado en ella y la respuesta de la EBC al contexto laboral.\" \/>\n<meta name=\"robots\" content=\"index, follow, max-snippet:-1, max-image-preview:large, max-video-preview:-1\" \/>\n<link rel=\"canonical\" href=\"https:\/\/www.ebc.mx\/ventana\/expansion-tecnologica-y-su-impacto-en-los-negocios-la-busqueda-de-personal\/\" \/>\n<meta property=\"og:locale\" content=\"es_MX\" \/>\n<meta property=\"og:type\" content=\"article\" \/>\n<meta property=\"og:title\" content=\"Expansi\u00f3n tecnol\u00f3gica y su impacto en los negocios: la b\u00fasqueda de personal - Ventana | EBC\" \/>\n<meta property=\"og:description\" content=\"Descubre c\u00f3mo las empresas est\u00e1n actuando ante la expansi\u00f3n tecnol\u00f3gica, su b\u00fasqueda de personal capacitado en ella y la respuesta de la EBC al contexto laboral.\" \/>\n<meta property=\"og:url\" content=\"https:\/\/www.ebc.mx\/ventana\/expansion-tecnologica-y-su-impacto-en-los-negocios-la-busqueda-de-personal\/\" \/>\n<meta property=\"og:site_name\" content=\"Ventana | EBC\" \/>\n<meta property=\"article:published_time\" content=\"2022-09-29T00:00:56+00:00\" \/>\n<meta property=\"article:modified_time\" content=\"2024-11-04T21:00:00+00:00\" \/>\n<meta property=\"og:image\" content=\"https:\/\/www.ebc.mx\/ventana\/wp-content\/uploads\/2022\/09\/EBC_sep_blog_8_voluntariado_de_ebc_adoptando_la_comunidad_img1-1-1.jpg\" \/>\n\t<meta property=\"og:image:width\" content=\"843\" \/>\n\t<meta property=\"og:image:height\" content=\"562\" \/>\n\t<meta property=\"og:image:type\" content=\"image\/jpeg\" \/>\n<meta name=\"author\" content=\"Administrador\" \/>\n<meta name=\"twitter:card\" content=\"summary_large_image\" \/>\n<meta name=\"twitter:creator\" content=\"@sauljaimesmx@gmail.com\" \/>\n<meta name=\"twitter:label1\" content=\"Escrito por\" \/>\n\t<meta name=\"twitter:data1\" content=\"Administrador\" \/>\n\t<meta name=\"twitter:label2\" content=\"Tiempo de lectura\" \/>\n\t<meta name=\"twitter:data2\" content=\"4 minutos\" \/>\n<script type=\"application\/ld+json\" class=\"yoast-schema-graph\">{\"@context\":\"https:\\\/\\\/schema.org\",\"@graph\":[{\"@type\":\"Article\",\"@id\":\"https:\\\/\\\/www.ebc.mx\\\/ventana\\\/expansion-tecnologica-y-su-impacto-en-los-negocios-la-busqueda-de-personal\\\/#article\",\"isPartOf\":{\"@id\":\"https:\\\/\\\/www.ebc.mx\\\/ventana\\\/expansion-tecnologica-y-su-impacto-en-los-negocios-la-busqueda-de-personal\\\/\"},\"author\":{\"name\":\"Administrador\",\"@id\":\"https:\\\/\\\/www.ebc.mx\\\/ventana\\\/#\\\/schema\\\/person\\\/dc331c773f36c11849cdc1fd25ba5904\"},\"headline\":\"Expansi\u00f3n tecnol\u00f3gica y su impacto en los negocios: la b\u00fasqueda de personal\",\"datePublished\":\"2022-09-29T00:00:56+00:00\",\"dateModified\":\"2024-11-04T21:00:00+00:00\",\"mainEntityOfPage\":{\"@id\":\"https:\\\/\\\/www.ebc.mx\\\/ventana\\\/expansion-tecnologica-y-su-impacto-en-los-negocios-la-busqueda-de-personal\\\/\"},\"wordCount\":1017,\"image\":{\"@id\":\"https:\\\/\\\/www.ebc.mx\\\/ventana\\\/expansion-tecnologica-y-su-impacto-en-los-negocios-la-busqueda-de-personal\\\/#primaryimage\"},\"thumbnailUrl\":\"https:\\\/\\\/www.ebc.mx\\\/ventana\\\/wp-content\\\/uploads\\\/2022\\\/09\\\/EBC_sep_blog_8_voluntariado_de_ebc_adoptando_la_comunidad_img1-1-1.jpg\",\"keywords\":[\"Negocios\",\"Profesionales\",\"Talento\",\"Tecnolog\u00eda\"],\"articleSection\":[\"Mundo Inc\"],\"inLanguage\":\"es\"},{\"@type\":\"WebPage\",\"@id\":\"https:\\\/\\\/www.ebc.mx\\\/ventana\\\/expansion-tecnologica-y-su-impacto-en-los-negocios-la-busqueda-de-personal\\\/\",\"url\":\"https:\\\/\\\/www.ebc.mx\\\/ventana\\\/expansion-tecnologica-y-su-impacto-en-los-negocios-la-busqueda-de-personal\\\/\",\"name\":\"Expansi\u00f3n tecnol\u00f3gica y su impacto en los negocios: la b\u00fasqueda de personal - Ventana | EBC\",\"isPartOf\":{\"@id\":\"https:\\\/\\\/www.ebc.mx\\\/ventana\\\/#website\"},\"primaryImageOfPage\":{\"@id\":\"https:\\\/\\\/www.ebc.mx\\\/ventana\\\/expansion-tecnologica-y-su-impacto-en-los-negocios-la-busqueda-de-personal\\\/#primaryimage\"},\"image\":{\"@id\":\"https:\\\/\\\/www.ebc.mx\\\/ventana\\\/expansion-tecnologica-y-su-impacto-en-los-negocios-la-busqueda-de-personal\\\/#primaryimage\"},\"thumbnailUrl\":\"https:\\\/\\\/www.ebc.mx\\\/ventana\\\/wp-content\\\/uploads\\\/2022\\\/09\\\/EBC_sep_blog_8_voluntariado_de_ebc_adoptando_la_comunidad_img1-1-1.jpg\",\"datePublished\":\"2022-09-29T00:00:56+00:00\",\"dateModified\":\"2024-11-04T21:00:00+00:00\",\"author\":{\"@id\":\"https:\\\/\\\/www.ebc.mx\\\/ventana\\\/#\\\/schema\\\/person\\\/dc331c773f36c11849cdc1fd25ba5904\"},\"description\":\"Descubre c\u00f3mo las empresas est\u00e1n actuando ante la expansi\u00f3n tecnol\u00f3gica, su b\u00fasqueda de personal capacitado en ella y la respuesta de la EBC al contexto laboral.\",\"breadcrumb\":{\"@id\":\"https:\\\/\\\/www.ebc.mx\\\/ventana\\\/expansion-tecnologica-y-su-impacto-en-los-negocios-la-busqueda-de-personal\\\/#breadcrumb\"},\"inLanguage\":\"es\",\"potentialAction\":[{\"@type\":\"ReadAction\",\"target\":[\"https:\\\/\\\/www.ebc.mx\\\/ventana\\\/expansion-tecnologica-y-su-impacto-en-los-negocios-la-busqueda-de-personal\\\/\"]}]},{\"@type\":\"ImageObject\",\"inLanguage\":\"es\",\"@id\":\"https:\\\/\\\/www.ebc.mx\\\/ventana\\\/expansion-tecnologica-y-su-impacto-en-los-negocios-la-busqueda-de-personal\\\/#primaryimage\",\"url\":\"https:\\\/\\\/www.ebc.mx\\\/ventana\\\/wp-content\\\/uploads\\\/2022\\\/09\\\/EBC_sep_blog_8_voluntariado_de_ebc_adoptando_la_comunidad_img1-1-1.jpg\",\"contentUrl\":\"https:\\\/\\\/www.ebc.mx\\\/ventana\\\/wp-content\\\/uploads\\\/2022\\\/09\\\/EBC_sep_blog_8_voluntariado_de_ebc_adoptando_la_comunidad_img1-1-1.jpg\",\"width\":843,\"height\":562},{\"@type\":\"BreadcrumbList\",\"@id\":\"https:\\\/\\\/www.ebc.mx\\\/ventana\\\/expansion-tecnologica-y-su-impacto-en-los-negocios-la-busqueda-de-personal\\\/#breadcrumb\",\"itemListElement\":[{\"@type\":\"ListItem\",\"position\":1,\"name\":\"Inicio\",\"item\":\"https:\\\/\\\/www.ebc.mx\\\/ventana\\\/\"},{\"@type\":\"ListItem\",\"position\":2,\"name\":\"Expansi\u00f3n tecnol\u00f3gica y su impacto en los negocios: la b\u00fasqueda de personal\"}]},{\"@type\":\"WebSite\",\"@id\":\"https:\\\/\\\/www.ebc.mx\\\/ventana\\\/#website\",\"url\":\"https:\\\/\\\/www.ebc.mx\\\/ventana\\\/\",\"name\":\"Ventana | EBC\",\"description\":\"Portada\",\"potentialAction\":[{\"@type\":\"SearchAction\",\"target\":{\"@type\":\"EntryPoint\",\"urlTemplate\":\"https:\\\/\\\/www.ebc.mx\\\/ventana\\\/?s={search_term_string}\"},\"query-input\":{\"@type\":\"PropertyValueSpecification\",\"valueRequired\":true,\"valueName\":\"search_term_string\"}}],\"inLanguage\":\"es\"},{\"@type\":\"Person\",\"@id\":\"https:\\\/\\\/www.ebc.mx\\\/ventana\\\/#\\\/schema\\\/person\\\/dc331c773f36c11849cdc1fd25ba5904\",\"name\":\"Administrador\",\"image\":{\"@type\":\"ImageObject\",\"inLanguage\":\"es\",\"@id\":\"https:\\\/\\\/secure.gravatar.com\\\/avatar\\\/38258782bd8fbeae4fb46409ef1819544da0d3c58a695848bb3b550421c49034?s=96&d=blank&r=g\",\"url\":\"https:\\\/\\\/secure.gravatar.com\\\/avatar\\\/38258782bd8fbeae4fb46409ef1819544da0d3c58a695848bb3b550421c49034?s=96&d=blank&r=g\",\"contentUrl\":\"https:\\\/\\\/secure.gravatar.com\\\/avatar\\\/38258782bd8fbeae4fb46409ef1819544da0d3c58a695848bb3b550421c49034?s=96&d=blank&r=g\",\"caption\":\"Administrador\"},\"sameAs\":[\"https:\\\/\\\/x.com\\\/sauljaimesmx@gmail.com\"],\"url\":\"https:\\\/\\\/www.ebc.mx\\\/ventana\\\/author\\\/4dm1nv3ntan42023\\\/\"}]}<\/script>\n<!-- \/ Yoast SEO plugin. -->","yoast_head_json":{"title":"Expansi\u00f3n tecnol\u00f3gica y su impacto en los negocios: la b\u00fasqueda de personal - Ventana | EBC","description":"Descubre c\u00f3mo las empresas est\u00e1n actuando ante la expansi\u00f3n tecnol\u00f3gica, su b\u00fasqueda de personal capacitado en ella y la respuesta de la EBC al contexto laboral.","robots":{"index":"index","follow":"follow","max-snippet":"max-snippet:-1","max-image-preview":"max-image-preview:large","max-video-preview":"max-video-preview:-1"},"canonical":"https:\/\/www.ebc.mx\/ventana\/expansion-tecnologica-y-su-impacto-en-los-negocios-la-busqueda-de-personal\/","og_locale":"es_MX","og_type":"article","og_title":"Expansi\u00f3n tecnol\u00f3gica y su impacto en los negocios: la b\u00fasqueda de personal - Ventana | EBC","og_description":"Descubre c\u00f3mo las empresas est\u00e1n actuando ante la expansi\u00f3n tecnol\u00f3gica, su b\u00fasqueda de personal capacitado en ella y la respuesta de la EBC al contexto laboral.","og_url":"https:\/\/www.ebc.mx\/ventana\/expansion-tecnologica-y-su-impacto-en-los-negocios-la-busqueda-de-personal\/","og_site_name":"Ventana | EBC","article_published_time":"2022-09-29T00:00:56+00:00","article_modified_time":"2024-11-04T21:00:00+00:00","og_image":[{"width":843,"height":562,"url":"https:\/\/www.ebc.mx\/ventana\/wp-content\/uploads\/2022\/09\/EBC_sep_blog_8_voluntariado_de_ebc_adoptando_la_comunidad_img1-1-1.jpg","type":"image\/jpeg"}],"author":"Administrador","twitter_card":"summary_large_image","twitter_creator":"@sauljaimesmx@gmail.com","twitter_misc":{"Escrito por":"Administrador","Tiempo de lectura":"4 minutos"},"schema":{"@context":"https:\/\/schema.org","@graph":[{"@type":"Article","@id":"https:\/\/www.ebc.mx\/ventana\/expansion-tecnologica-y-su-impacto-en-los-negocios-la-busqueda-de-personal\/#article","isPartOf":{"@id":"https:\/\/www.ebc.mx\/ventana\/expansion-tecnologica-y-su-impacto-en-los-negocios-la-busqueda-de-personal\/"},"author":{"name":"Administrador","@id":"https:\/\/www.ebc.mx\/ventana\/#\/schema\/person\/dc331c773f36c11849cdc1fd25ba5904"},"headline":"Expansi\u00f3n tecnol\u00f3gica y su impacto en los negocios: la b\u00fasqueda de personal","datePublished":"2022-09-29T00:00:56+00:00","dateModified":"2024-11-04T21:00:00+00:00","mainEntityOfPage":{"@id":"https:\/\/www.ebc.mx\/ventana\/expansion-tecnologica-y-su-impacto-en-los-negocios-la-busqueda-de-personal\/"},"wordCount":1017,"image":{"@id":"https:\/\/www.ebc.mx\/ventana\/expansion-tecnologica-y-su-impacto-en-los-negocios-la-busqueda-de-personal\/#primaryimage"},"thumbnailUrl":"https:\/\/www.ebc.mx\/ventana\/wp-content\/uploads\/2022\/09\/EBC_sep_blog_8_voluntariado_de_ebc_adoptando_la_comunidad_img1-1-1.jpg","keywords":["Negocios","Profesionales","Talento","Tecnolog\u00eda"],"articleSection":["Mundo Inc"],"inLanguage":"es"},{"@type":"WebPage","@id":"https:\/\/www.ebc.mx\/ventana\/expansion-tecnologica-y-su-impacto-en-los-negocios-la-busqueda-de-personal\/","url":"https:\/\/www.ebc.mx\/ventana\/expansion-tecnologica-y-su-impacto-en-los-negocios-la-busqueda-de-personal\/","name":"Expansi\u00f3n tecnol\u00f3gica y su impacto en los negocios: la b\u00fasqueda de personal - Ventana | EBC","isPartOf":{"@id":"https:\/\/www.ebc.mx\/ventana\/#website"},"primaryImageOfPage":{"@id":"https:\/\/www.ebc.mx\/ventana\/expansion-tecnologica-y-su-impacto-en-los-negocios-la-busqueda-de-personal\/#primaryimage"},"image":{"@id":"https:\/\/www.ebc.mx\/ventana\/expansion-tecnologica-y-su-impacto-en-los-negocios-la-busqueda-de-personal\/#primaryimage"},"thumbnailUrl":"https:\/\/www.ebc.mx\/ventana\/wp-content\/uploads\/2022\/09\/EBC_sep_blog_8_voluntariado_de_ebc_adoptando_la_comunidad_img1-1-1.jpg","datePublished":"2022-09-29T00:00:56+00:00","dateModified":"2024-11-04T21:00:00+00:00","author":{"@id":"https:\/\/www.ebc.mx\/ventana\/#\/schema\/person\/dc331c773f36c11849cdc1fd25ba5904"},"description":"Descubre c\u00f3mo las empresas est\u00e1n actuando ante la expansi\u00f3n tecnol\u00f3gica, su b\u00fasqueda de personal capacitado en ella y la respuesta de la EBC al contexto laboral.","breadcrumb":{"@id":"https:\/\/www.ebc.mx\/ventana\/expansion-tecnologica-y-su-impacto-en-los-negocios-la-busqueda-de-personal\/#breadcrumb"},"inLanguage":"es","potentialAction":[{"@type":"ReadAction","target":["https:\/\/www.ebc.mx\/ventana\/expansion-tecnologica-y-su-impacto-en-los-negocios-la-busqueda-de-personal\/"]}]},{"@type":"ImageObject","inLanguage":"es","@id":"https:\/\/www.ebc.mx\/ventana\/expansion-tecnologica-y-su-impacto-en-los-negocios-la-busqueda-de-personal\/#primaryimage","url":"https:\/\/www.ebc.mx\/ventana\/wp-content\/uploads\/2022\/09\/EBC_sep_blog_8_voluntariado_de_ebc_adoptando_la_comunidad_img1-1-1.jpg","contentUrl":"https:\/\/www.ebc.mx\/ventana\/wp-content\/uploads\/2022\/09\/EBC_sep_blog_8_voluntariado_de_ebc_adoptando_la_comunidad_img1-1-1.jpg","width":843,"height":562},{"@type":"BreadcrumbList","@id":"https:\/\/www.ebc.mx\/ventana\/expansion-tecnologica-y-su-impacto-en-los-negocios-la-busqueda-de-personal\/#breadcrumb","itemListElement":[{"@type":"ListItem","position":1,"name":"Inicio","item":"https:\/\/www.ebc.mx\/ventana\/"},{"@type":"ListItem","position":2,"name":"Expansi\u00f3n tecnol\u00f3gica y su impacto en los negocios: la b\u00fasqueda de personal"}]},{"@type":"WebSite","@id":"https:\/\/www.ebc.mx\/ventana\/#website","url":"https:\/\/www.ebc.mx\/ventana\/","name":"Ventana | EBC","description":"Portada","potentialAction":[{"@type":"SearchAction","target":{"@type":"EntryPoint","urlTemplate":"https:\/\/www.ebc.mx\/ventana\/?s={search_term_string}"},"query-input":{"@type":"PropertyValueSpecification","valueRequired":true,"valueName":"search_term_string"}}],"inLanguage":"es"},{"@type":"Person","@id":"https:\/\/www.ebc.mx\/ventana\/#\/schema\/person\/dc331c773f36c11849cdc1fd25ba5904","name":"Administrador","image":{"@type":"ImageObject","inLanguage":"es","@id":"https:\/\/secure.gravatar.com\/avatar\/38258782bd8fbeae4fb46409ef1819544da0d3c58a695848bb3b550421c49034?s=96&d=blank&r=g","url":"https:\/\/secure.gravatar.com\/avatar\/38258782bd8fbeae4fb46409ef1819544da0d3c58a695848bb3b550421c49034?s=96&d=blank&r=g","contentUrl":"https:\/\/secure.gravatar.com\/avatar\/38258782bd8fbeae4fb46409ef1819544da0d3c58a695848bb3b550421c49034?s=96&d=blank&r=g","caption":"Administrador"},"sameAs":["https:\/\/x.com\/sauljaimesmx@gmail.com"],"url":"https:\/\/www.ebc.mx\/ventana\/author\/4dm1nv3ntan42023\/"}]}},"_links":{"self":[{"href":"https:\/\/www.ebc.mx\/ventana\/wp-json\/wp\/v2\/posts\/15852","targetHints":{"allow":["GET"]}}],"collection":[{"href":"https:\/\/www.ebc.mx\/ventana\/wp-json\/wp\/v2\/posts"}],"about":[{"href":"https:\/\/www.ebc.mx\/ventana\/wp-json\/wp\/v2\/types\/post"}],"author":[{"embeddable":true,"href":"https:\/\/www.ebc.mx\/ventana\/wp-json\/wp\/v2\/users\/2"}],"replies":[{"embeddable":true,"href":"https:\/\/www.ebc.mx\/ventana\/wp-json\/wp\/v2\/comments?post=15852"}],"version-history":[{"count":6,"href":"https:\/\/www.ebc.mx\/ventana\/wp-json\/wp\/v2\/posts\/15852\/revisions"}],"predecessor-version":[{"id":17429,"href":"https:\/\/www.ebc.mx\/ventana\/wp-json\/wp\/v2\/posts\/15852\/revisions\/17429"}],"wp:featuredmedia":[{"embeddable":true,"href":"https:\/\/www.ebc.mx\/ventana\/wp-json\/wp\/v2\/media\/15854"}],"wp:attachment":[{"href":"https:\/\/www.ebc.mx\/ventana\/wp-json\/wp\/v2\/media?parent=15852"}],"wp:term":[{"taxonomy":"category","embeddable":true,"href":"https:\/\/www.ebc.mx\/ventana\/wp-json\/wp\/v2\/categories?post=15852"},{"taxonomy":"post_tag","embeddable":true,"href":"https:\/\/www.ebc.mx\/ventana\/wp-json\/wp\/v2\/tags?post=15852"}],"curies":[{"name":"wp","href":"https:\/\/api.w.org\/{rel}","templated":true}]}}