{"id":15676,"date":"2023-02-22T04:04:44","date_gmt":"2023-02-22T04:04:44","guid":{"rendered":"https:\/\/ventana.serviciossube.info\/?p=5657"},"modified":"2024-04-04T14:44:37","modified_gmt":"2024-04-04T20:44:37","slug":"cop-27-que-se-esta-haciendo-contra-el-cambio-climatico","status":"publish","type":"post","link":"https:\/\/www.ebc.mx\/ventana\/cop-27-que-se-esta-haciendo-contra-el-cambio-climatico\/","title":{"rendered":"COP 27: \u00bfQu\u00e9 se est\u00e1 haciendo contra el cambio clim\u00e1tico?"},"content":{"rendered":"<p><strong><span class=\"title_ache_seis\">Tiempo de lectura: 6.5 minutos<\/span><\/strong><\/p>\n<p><strong>Autor: <\/strong><span style=\"font-weight: 400;\">Dulcinea Rivas Correa, Docente Licenciaturas Ejecutivas <\/span><span style=\"font-weight: 400;\">Escuela Bancaria y Comercial<\/span><\/p>\n<p><strong>\u00cdndice de contenido<\/strong><\/p>\n<ol>\n<li><a href=\"#l1\">Antecedentes de la COP 27<\/a><\/li>\n<li><a href=\"#l2\">La emisi\u00f3n de gases de efecto invernadero en la COP 27<\/a><\/li>\n<li><a href=\"#l3\">Acuerdos establecidos en la COP 27<\/a><\/li>\n<li><a href=\"#l4\">M\u00e9xico en la COP 27<br \/>\n<\/a><\/li>\n<li><a href=\"#l5\">\u00bfC\u00f3mo colaborar con las metas establecidas en la COP 27?<\/a><\/li>\n<li><a href=\"#l6\">\u00bfEstamos dispuestos a cambiar nuestros h\u00e1bitos para cumplir la meta mundial acordada en la COP 27?<\/a><\/li>\n<\/ol>\n<p><span style=\"font-weight: 400;\">En 1992 se estableci\u00f3 el acuerdo anual entre pa\u00edses para analizar, dialogar, proponer medidas y presentar los avances que contribuyan a luchar contra el <\/span><a href=\"https:\/\/www.un.org\/es\/climatechange\/what-is-climate-change\" target=\"_blank\" rel=\"noopener\"><b>cambio clim\u00e1tico<\/b><\/a><span style=\"font-weight: 400;\"> a trav\u00e9s de la <\/span><b>Conferencia de las Partes de la Convenci\u00f3n Marco de las Naciones Unidas sobre el Cambio Clim\u00e1tico<\/b><span style=\"font-weight: 400;\">, mejor conocida como COP, considerada hoy, el \u00f3rgano supremo en torno al<\/span><b> cambio clim\u00e1tico. <\/b><span style=\"font-weight: 400;\">En este art\u00edculo hablaremos de la<\/span><b> COP 27.<\/b><\/p>\n<h2 id=\"l1\"><b>Antecedentes de la COP 27<\/b><\/h2>\n<p><span style=\"font-weight: 400;\">Fue en 1900 que los hallazgos cient\u00edficos mostraron que las actividades que realizamos los seres humanos contribuyen al calentamiento del planeta. Sin embargo, fue hasta 1972 que se consolidaron los primeros esfuerzos por la ONU para calcular los <\/span><b>efectos del cambio clim\u00e1tico <\/b><span style=\"font-weight: 400;\">en la \u201cCumbre de la Tierra\u201d.\u00a0<\/span><\/p>\n<p><span style=\"font-weight: 400;\">Los objetivos de la COP son:<\/span><\/p>\n<ul>\n<li style=\"font-weight: 400;\" aria-level=\"1\"><span style=\"font-weight: 400;\">Estabilizar la <\/span><b>emisi\u00f3n de gases de efecto invernadero<\/b><\/li>\n<li style=\"font-weight: 400;\" aria-level=\"1\"><span style=\"font-weight: 400;\">Examinar los inventarios de emisiones de cada una de las partes, sus medidas y progresos respecto a la COP anterior.<\/span><\/li>\n<\/ul>\n<p><span style=\"font-weight: 400;\">En ella cada pa\u00eds presenta sus compromisos de reducci\u00f3n, adaptaci\u00f3n y mitigaci\u00f3n de <\/span><b>gases de efecto invernadero<\/b><span style=\"font-weight: 400;\">.<\/span><\/p>\n<p><span style=\"font-weight: 400;\">En 1995 se realiz\u00f3 la COP 1 en Alemania; en 1997 en la COP 3 con el \u201cProtocolo de Kyoto\u201d, se estableci\u00f3, entre otras cosas, la reducci\u00f3n global de <\/span><b>emisiones de Gases de Efecto Invernadero<\/b><span style=\"font-weight: 400;\"> (GEI) en 5%.\u00a0\u00a0<\/span><\/p>\n<p><span style=\"font-weight: 400;\">En 2015 en la COP 21, 196 pa\u00edses firmaron el \u201cAcuerdo de Par\u00eds\u201d donde destaca el establecimiento de esfuerzos mundiales que permitan 2\u00b0C como l\u00edmite m\u00e1ximo de <\/span><b>calentamiento global<\/b><span style=\"font-weight: 400;\"> para 2020. El objetivo es conservar un mundo como hoy lo conocemos.<\/span><i><\/i><\/p>\n<h3 id=\"l2\"><b>La emisi\u00f3n de gases de efecto invernadero en la COP 27\u00a0<\/b><\/h3>\n<p><span style=\"font-weight: 400;\">Antes de continuar, es preciso recordar que son los GEI y porque producen el <\/span><b>aumento de la temperatura <\/b><span style=\"font-weight: 400;\">en el planeta. Los gases como:<\/span><\/p>\n<ul>\n<li style=\"font-weight: 400;\" aria-level=\"1\"><span style=\"font-weight: 400;\">Vapor de agua<\/span><\/li>\n<li style=\"font-weight: 400;\" aria-level=\"1\"><span style=\"font-weight: 400;\">Di\u00f3xido de carbono<\/span><\/li>\n<li style=\"font-weight: 400;\" aria-level=\"1\"><span style=\"font-weight: 400;\">Metano<\/span><\/li>\n<li style=\"font-weight: 400;\" aria-level=\"1\"><span style=\"font-weight: 400;\">\u00d3xido de nitr\u00f3geno<\/span><\/li>\n<li style=\"font-weight: 400;\" aria-level=\"1\"><span style=\"font-weight: 400;\">Ozono, entre otros\u00a0<\/span><\/li>\n<\/ul>\n<p><span style=\"font-weight: 400;\">Son indispensables para mantener la temperatura ideal del planeta, su existencia en la atm\u00f3sfera nos permite gozar de los beneficios del calor del Sol. Sin embargo, nuestras actividades humanas han alterado su equilibrio natural.\u00a0<\/span><\/p>\n<p><span style=\"font-weight: 400;\">Por ejemplo, actividades como la industrializaci\u00f3n a trav\u00e9s del uso de petr\u00f3leo, carb\u00f3n, gas y otros <\/span><b>combustibles f\u00f3siles<\/b><span style=\"font-weight: 400;\"> o la deforestaci\u00f3n de los bosques est\u00e1n provocando, entre otros efectos, un exceso de di\u00f3xido de carbono cuyas mol\u00e9culas son propensas a atrapar el calor, contribuyendo as\u00ed al <\/span><b>calentamiento global.<\/b><\/p>\n<h4 id=\"l3\"><span style=\"font-size: 18pt;\"><b>Acuerdos establecidos en la COP 27<\/b><\/span><\/h4>\n<p><span style=\"font-weight: 400;\">En 2022, se celebr\u00f3 la<\/span><b> COP 27<\/b><span style=\"font-weight: 400;\"> en Egipto, bajo el lema <\/span><i><span style=\"font-weight: 400;\">Juntos por la implementaci\u00f3n<\/span><\/i><span style=\"font-weight: 400;\">. Representantes de al menos 196 pa\u00edses se reunieron para dar seguimiento a los acuerdos\u00a0 de la anterior COP en Glasgow donde qued\u00f3 enterrada la idea de descontinuar las plantas de energ\u00eda de carbono. Como resultado de los esfuerzos realizados en los 15 d\u00edas de la celebraci\u00f3n se destaca:<\/span><\/p>\n<ul>\n<li style=\"font-weight: 400;\" aria-level=\"1\"><span style=\"font-weight: 400;\">Los pa\u00edses desarrollados que forman parte del bloque G-7, ofrecieron un apoyo monetario a trav\u00e9s del \u201cEscudo Global\u201d para otorgar financiamiento a los pa\u00edses que han sido v\u00edctimas del efecto del <\/span><b>calentamiento global. <\/b><span style=\"font-weight: 400;\">\u00a0Aunque a\u00fan se cuestiona su eficacia.<\/span><\/li>\n<li style=\"font-weight: 400;\" aria-level=\"1\"><span style=\"font-weight: 400;\">La reactivaci\u00f3n de la colaboraci\u00f3n conjunta entre EUA y China en contra del <\/span><b>cambio clim\u00e1tico<\/b><span style=\"font-weight: 400;\">.<\/span><\/li>\n<li style=\"font-weight: 400;\" aria-level=\"1\"><span style=\"font-weight: 400;\">Se establece un nuevo l\u00edmite m\u00e1ximo de<\/span><b> calentamiento global<\/b><span style=\"font-weight: 400;\"> de 1.5\u00b0 C.<\/span><\/li>\n<li style=\"font-weight: 400;\" aria-level=\"1\"><span style=\"font-weight: 400;\">M\u00e1s pa\u00edses se sumaron a la meta para<\/span><b> reducir emisiones<\/b><span style=\"font-weight: 400;\"> de metano en un 30% para finales de esta d\u00e9cada.<\/span><\/li>\n<li style=\"font-weight: 400;\" aria-level=\"1\"><span style=\"font-weight: 400;\">Constituci\u00f3n de un fondo para p\u00e9rdidas y da\u00f1os de compensaci\u00f3n a los pa\u00edses vulnerables, aunque no se lleg\u00f3 al detalle de los t\u00e9rminos.<\/span><\/li>\n<\/ul>\n<p><span style=\"font-weight: 400;\">Ant\u00f3nio Guterres, Secretario General de las Naciones Unidas, se\u00f1al\u00f3 el acuerdo como hist\u00f3rico pero a\u00fan insuficiente. \u201cPodemos y debemos ganar esta batalla por nuestras vidas\u201d, dijo en su mensaje de clausura.<\/span><\/p>\n<h5 id=\"l4\"><span style=\"font-size: 18pt;\"><b>M\u00e9xico en la COP 27<\/b><\/span><\/h5>\n<p><span style=\"font-weight: 400;\">En lo que respecta a M\u00e9xico, como el 12\u00ba emisor de gases de carbono a nivel global, no se report\u00f3 seguimiento a las metas establecidas en la COP 26. Sin embargo se present\u00f3, a trav\u00e9s del Secretario de Relaciones Exteriores, Marcelo Ebrard, un nuevo compromiso de reducci\u00f3n de <\/span><b>emisiones de gases con efecto invernadero<\/b><span style=\"font-weight: 400;\"> de 22% a 35% para el 2030.\u00a0<\/span><\/p>\n<p><span style=\"font-weight: 400;\">Se contar\u00e1 con el apoyo de los Estados Unidos para duplicar esfuerzos que permitan reducir 52 millones de toneladas de emisi\u00f3n de gases de carbono. Se sumar\u00e1n esfuerzos para incrementar energ\u00edas:\u00a0<\/span><\/p>\n<ul>\n<li style=\"font-weight: 400;\" aria-level=\"1\"><span style=\"font-weight: 400;\">Solar\u00a0<\/span><\/li>\n<li style=\"font-weight: 400;\" aria-level=\"1\"><span style=\"font-weight: 400;\">E\u00f3lica<\/span><\/li>\n<li style=\"font-weight: 400;\" aria-level=\"1\"><span style=\"font-weight: 400;\">Hidroel\u00e9ctrica<\/span><\/li>\n<li style=\"font-weight: 400;\" aria-level=\"1\"><span style=\"font-weight: 400;\">Geot\u00e9rmica\u00a0<\/span><\/li>\n<\/ul>\n<p><span style=\"font-weight: 400;\">Para ello, se establecer\u00e1n medidas enfocadas en la eficiencia vehicular, el cambio en la pol\u00edtica energ\u00e9tica, as\u00ed como el establecimiento del Plan Sonora, lo que requerir\u00e1 una inversi\u00f3n de $48 mil millones de pesos.\u00a0<\/span><\/p>\n<p><span style=\"font-weight: 400;\">M\u00e9xico se encuentra en el lugar 95 de los 181 pa\u00edses m\u00e1s vulnerables al <\/span><b>cambio clim\u00e1tico<\/b><span style=\"font-weight: 400;\"> por ello es urgente <\/span><b>tomar medidas<\/b><span style=\"font-weight: 400;\"> para reducir los efectos del <\/span><b>calentamiento global.\u00a0<\/b><\/p>\n<p><span style=\"font-weight: 400;\">De acuerdo con los expertos, nuestro mundo ya se ha calentado 1.15\u00b0 C con respecto a la era preindustrial. Es claro que la pandemia global por COVID-19 dej\u00f3 en segundo plano al <\/span><b>cambio clim\u00e1tico<\/b><span style=\"font-weight: 400;\">, pero nos dio una prueba de las posibles formas de respirar si no comenzamos a tomarlo en serio.<\/span><\/p>\n<p><span style=\"font-weight: 400;\">\u00bfEstamos dispuestos a que el futuro de la humanidad respire a trav\u00e9s de una m\u00e1scara? \u00bfContinuaremos da\u00f1ando el ecosistema a trav\u00e9s de nuestros h\u00e1bitos? \u00bfTenemos claro que si no cambiamos hoy, impediremos que las generaciones futuras conozcan el mundo como lo conocimos? \u00bfQueremos ser parte de la extinci\u00f3n del planeta?<\/span><\/p>\n<h6 id=\"l5\"><span style=\"font-size: 18pt;\"><b>\u00bfC\u00f3mo colaborar con las metas establecidas en la COP 27?<\/b><\/span><\/h6>\n<p><span style=\"font-weight: 400;\">Si queremos contribuir en la reducci\u00f3n de emisi\u00f3n de gases de carbono debemos ajustar nuestros h\u00e1bitos. Para ello, te invito a consultar la siguiente calculadora de huella de carbono para que identifiques c\u00f3mo tus h\u00e1bitos diarios en tu hogar, transporte, alimentaci\u00f3n y consumo afectan a nuestro planeta: <\/span><a href=\"https:\/\/climatehero.me\/es\/\" target=\"_blank\" rel=\"noopener\"><span style=\"font-weight: 400;\">Calculadora de carbono &#8211; Climate Hero<\/span><\/a><\/p>\n<p><span style=\"font-weight: 400;\">Para reducir tu huella de carbono puedes comenzar a realizar algunas de las siguientes acciones:<\/span><\/p>\n<ul>\n<li style=\"font-weight: 400;\" aria-level=\"1\"><span style=\"font-weight: 400;\">Usar la bicicleta o caminar para desplazamientos cortos<\/span><\/li>\n<li style=\"font-weight: 400;\" aria-level=\"1\"><span style=\"font-weight: 400;\">Minimizar la adquisici\u00f3n de productos y aumentar el reciclaje<\/span><\/li>\n<li style=\"font-weight: 400;\" aria-level=\"1\"><span style=\"font-weight: 400;\">Reducir y reutilizar productos de pl\u00e1stico<\/span><\/li>\n<li style=\"font-weight: 400;\" aria-level=\"1\"><span style=\"font-weight: 400;\">Reemplazar la iluminaci\u00f3n antigua por iluminaci\u00f3n LED<\/span><\/li>\n<li style=\"font-weight: 400;\" aria-level=\"1\"><span style=\"font-weight: 400;\">Disminuir el consumo del aire acondicionado\u00a0<\/span><\/li>\n<li style=\"font-weight: 400;\" aria-level=\"1\"><span style=\"font-weight: 400;\">Consume alimentos de la regi\u00f3n y de temporada<\/span><\/li>\n<\/ul>\n<h6 id=\"l6\"><span style=\"font-size: 18pt;\"><b>\u00bfEstamos dispuestos a cambiar nuestros h\u00e1bitos para cumplir la meta mundial acordada en la COP 27?\u00a0<\/b><\/span><\/h6>\n<p><span style=\"font-weight: 400;\">Recuerda que ya somos 8 mil millones de habitantes, mientras m\u00e1s contribuyamos, se suman esfuerzos para combatir el cambio clim\u00e1tico. Finalmente, esperemos que la pol\u00edtica mundial colabor\u00e9 en ofrecer alternativas congruentes, comenzando por finalizar guerras, para llegar a resultados y compromisos suficientes en la COP 28 que se celebrar\u00e1 en los Emiratos \u00c1rabes Unidos.<\/span><\/p>\n<p><b><i>Numeralia de inter\u00e9s:\u00a0<\/i><\/b><\/p>\n<p><span style=\"font-weight: 400;\">Seg\u00fan la ONU, el l\u00edmite m\u00e1ximo de calentamiento global establecido por los expertos para mantener nuestro planeta como lo conocemos es de 1.5\u00b0C y actualmente ya estamos en 1.15\u00b0C.\u00a0<\/span><\/p>\n<p>&nbsp;<\/p>\n<p>&nbsp;<\/p>\n<p><span style=\"font-weight: 400;\">Fuentes consultadas:<\/span><\/p>\n<ul>\n<li style=\"font-weight: 400;\" aria-level=\"1\"><span style=\"font-size: 10pt;\"><a href=\"https:\/\/ecodes.org\/hacemos\/cambio-climatico\/que-son-los-gases-de-efecto-invernadero\" target=\"_blank\" rel=\"noopener\"><span style=\"font-weight: 400;\">ECODES, Cambio Clim\u00e1tico<\/span><\/a><\/span><\/li>\n<li style=\"font-weight: 400;\" aria-level=\"1\"><span style=\"font-size: 10pt;\"><a href=\"https:\/\/www.esa.int\/Space_in_Member_States\/Spain\/Primeras_animaciones_sobre_los_gases_de_efecto_invernadero_basadas_en_datos_del_satelite_Envisat\" target=\"_blank\" rel=\"noopener\"><span style=\"font-weight: 400;\">ESA, (2007) Primeras animaciones sobre los gases de efecto invernadero basadas en datos del sat\u00e9lite Envisat<\/span><\/a><\/span><\/li>\n<li style=\"font-weight: 400;\" aria-level=\"1\"><span style=\"font-size: 10pt;\"><a href=\"https:\/\/unfccc.int\/es\/acerca-de-las-ndc\/el-acuerdo-de-paris\" target=\"_blank\" rel=\"noopener\"><span style=\"font-weight: 400;\">ONU, CMNUCC, El Acuerdo de Par\u00eds<\/span><\/a><\/span><\/li>\n<li style=\"font-weight: 400;\" aria-level=\"1\"><span style=\"font-size: 10pt;\"><a href=\"https:\/\/www.un.org\/en\/climatechange\/cop27\" target=\"_blank\" rel=\"noopener\"><span style=\"font-weight: 400;\">ONU, COP27, Delivering for people and the planet\u00a0<\/span><\/a><\/span><\/li>\n<li style=\"font-weight: 400;\" aria-level=\"1\"><span style=\"font-size: 10pt;\"><span style=\"font-weight: 400;\">Secretaria de Relaciones Exteriores, <\/span><a href=\"https:\/\/www.gob.mx\/sre\/es\/articulos\/en-el-marco-de-su-participacion-en-la-cop27-el-canciller-presento-los-compromisos-de-mexico-para-hacerle-frente-al-cambio-climatico?idiom=es\" target=\"_blank\" rel=\"noopener\"><span style=\"font-weight: 400;\">En el marco de su participaci\u00f3n en la COP27, el canciller present\u00f3 los compromisos de M\u00e9xico para hacerle frente al cambio clim\u00e1tico<\/span><\/a><span style=\"font-weight: 400;\">.<\/span><\/span><\/li>\n<li style=\"font-weight: 400;\" aria-level=\"1\"><span style=\"font-size: 10pt;\">SEMARNAT, <a href=\"https:\/\/www.gob.mx\/semarnat\/articulos\/protocolo-de-kioto-sobre-cambio-climatico?idiom=es\" target=\"_blank\" rel=\"noopener\">Protocolo de Kioto sobre el cambio clim\u00e1tico<\/a><\/span><\/li>\n<\/ul>\n","protected":false},"excerpt":{"rendered":"<p>Tiempo de lectura: 6.5 minutos Autor: Dulcinea Rivas Correa, Docente Licenciaturas Ejecutivas Escuela Bancaria y Comercial \u00cdndice de contenido Antecedentes de la COP 27 La emisi\u00f3n de gases de efecto invernadero en la COP 27 Acuerdos establecidos en la COP 27 M\u00e9xico en la COP 27 \u00bfC\u00f3mo colaborar con las metas establecidas en la COP&hellip;<\/p>\n","protected":false},"author":2,"featured_media":15677,"comment_status":"closed","ping_status":"open","sticky":false,"template":"","format":"standard","meta":{"footnotes":""},"categories":[225],"tags":[250,248,249,241],"class_list":["post-15676","post","type-post","status-publish","format-standard","has-post-thumbnail","hentry","category-comunidad","tag-cambio-climatico","tag-cop27","tag-huella-de-carbono","tag-responsabilidad-social"],"yoast_head":"<!-- This site is optimized with the Yoast SEO plugin v27.3 - https:\/\/yoast.com\/product\/yoast-seo-wordpress\/ -->\n<title>COP 27: \u00bfQu\u00e9 se est\u00e1 haciendo contra el cambio clim\u00e1tico? - Ventana | EBC<\/title>\n<meta name=\"description\" content=\"Conoce todos los detalles de la COP 27, de las acciones que est\u00e1n haciendo los pa\u00edses contra el cambio clim\u00e1tico y c\u00f3mo podemos colaborar.\" \/>\n<meta name=\"robots\" content=\"index, follow, max-snippet:-1, max-image-preview:large, max-video-preview:-1\" \/>\n<link rel=\"canonical\" href=\"https:\/\/www.ebc.mx\/ventana\/cop-27-que-se-esta-haciendo-contra-el-cambio-climatico\/\" \/>\n<meta property=\"og:locale\" content=\"es_MX\" \/>\n<meta property=\"og:type\" content=\"article\" \/>\n<meta property=\"og:title\" content=\"COP 27: \u00bfQu\u00e9 se est\u00e1 haciendo contra el cambio clim\u00e1tico? - Ventana | EBC\" \/>\n<meta property=\"og:description\" content=\"Conoce todos los detalles de la COP 27, de las acciones que est\u00e1n haciendo los pa\u00edses contra el cambio clim\u00e1tico y c\u00f3mo podemos colaborar.\" \/>\n<meta property=\"og:url\" content=\"https:\/\/www.ebc.mx\/ventana\/cop-27-que-se-esta-haciendo-contra-el-cambio-climatico\/\" \/>\n<meta property=\"og:site_name\" content=\"Ventana | EBC\" \/>\n<meta property=\"article:published_time\" content=\"2023-02-22T04:04:44+00:00\" \/>\n<meta property=\"article:modified_time\" content=\"2024-04-04T20:44:37+00:00\" \/>\n<meta property=\"og:image\" content=\"https:\/\/www.ebc.mx\/ventana\/wp-content\/uploads\/2023\/01\/EBC_ene_blog_009_Que_se_esta_haciendo_contra_el_cambio_climatico_001.jpg\" \/>\n\t<meta property=\"og:image:width\" content=\"842\" \/>\n\t<meta property=\"og:image:height\" content=\"562\" \/>\n\t<meta property=\"og:image:type\" content=\"image\/jpeg\" \/>\n<meta name=\"author\" content=\"Administrador\" \/>\n<meta name=\"twitter:card\" content=\"summary_large_image\" \/>\n<meta name=\"twitter:creator\" content=\"@sauljaimesmx@gmail.com\" \/>\n<meta name=\"twitter:label1\" content=\"Escrito por\" \/>\n\t<meta name=\"twitter:data1\" content=\"Administrador\" \/>\n\t<meta name=\"twitter:label2\" content=\"Tiempo de lectura\" \/>\n\t<meta name=\"twitter:data2\" content=\"6 minutos\" \/>\n<script type=\"application\/ld+json\" class=\"yoast-schema-graph\">{\"@context\":\"https:\\\/\\\/schema.org\",\"@graph\":[{\"@type\":\"Article\",\"@id\":\"https:\\\/\\\/www.ebc.mx\\\/ventana\\\/cop-27-que-se-esta-haciendo-contra-el-cambio-climatico\\\/#article\",\"isPartOf\":{\"@id\":\"https:\\\/\\\/www.ebc.mx\\\/ventana\\\/cop-27-que-se-esta-haciendo-contra-el-cambio-climatico\\\/\"},\"author\":{\"name\":\"Administrador\",\"@id\":\"https:\\\/\\\/www.ebc.mx\\\/ventana\\\/#\\\/schema\\\/person\\\/dc331c773f36c11849cdc1fd25ba5904\"},\"headline\":\"COP 27: \u00bfQu\u00e9 se est\u00e1 haciendo contra el cambio clim\u00e1tico?\",\"datePublished\":\"2023-02-22T04:04:44+00:00\",\"dateModified\":\"2024-04-04T20:44:37+00:00\",\"mainEntityOfPage\":{\"@id\":\"https:\\\/\\\/www.ebc.mx\\\/ventana\\\/cop-27-que-se-esta-haciendo-contra-el-cambio-climatico\\\/\"},\"wordCount\":1393,\"image\":{\"@id\":\"https:\\\/\\\/www.ebc.mx\\\/ventana\\\/cop-27-que-se-esta-haciendo-contra-el-cambio-climatico\\\/#primaryimage\"},\"thumbnailUrl\":\"https:\\\/\\\/www.ebc.mx\\\/ventana\\\/wp-content\\\/uploads\\\/2023\\\/01\\\/EBC_ene_blog_009_Que_se_esta_haciendo_contra_el_cambio_climatico_001.jpg\",\"keywords\":[\"Cambio clim\u00e1tico\",\"COP27\",\"Huella de Carbono\",\"Responsabilidad social\"],\"articleSection\":[\"Comunidad+\"],\"inLanguage\":\"es\"},{\"@type\":\"WebPage\",\"@id\":\"https:\\\/\\\/www.ebc.mx\\\/ventana\\\/cop-27-que-se-esta-haciendo-contra-el-cambio-climatico\\\/\",\"url\":\"https:\\\/\\\/www.ebc.mx\\\/ventana\\\/cop-27-que-se-esta-haciendo-contra-el-cambio-climatico\\\/\",\"name\":\"COP 27: \u00bfQu\u00e9 se est\u00e1 haciendo contra el cambio clim\u00e1tico? - Ventana | EBC\",\"isPartOf\":{\"@id\":\"https:\\\/\\\/www.ebc.mx\\\/ventana\\\/#website\"},\"primaryImageOfPage\":{\"@id\":\"https:\\\/\\\/www.ebc.mx\\\/ventana\\\/cop-27-que-se-esta-haciendo-contra-el-cambio-climatico\\\/#primaryimage\"},\"image\":{\"@id\":\"https:\\\/\\\/www.ebc.mx\\\/ventana\\\/cop-27-que-se-esta-haciendo-contra-el-cambio-climatico\\\/#primaryimage\"},\"thumbnailUrl\":\"https:\\\/\\\/www.ebc.mx\\\/ventana\\\/wp-content\\\/uploads\\\/2023\\\/01\\\/EBC_ene_blog_009_Que_se_esta_haciendo_contra_el_cambio_climatico_001.jpg\",\"datePublished\":\"2023-02-22T04:04:44+00:00\",\"dateModified\":\"2024-04-04T20:44:37+00:00\",\"author\":{\"@id\":\"https:\\\/\\\/www.ebc.mx\\\/ventana\\\/#\\\/schema\\\/person\\\/dc331c773f36c11849cdc1fd25ba5904\"},\"description\":\"Conoce todos los detalles de la COP 27, de las acciones que est\u00e1n haciendo los pa\u00edses contra el cambio clim\u00e1tico y c\u00f3mo podemos colaborar.\",\"breadcrumb\":{\"@id\":\"https:\\\/\\\/www.ebc.mx\\\/ventana\\\/cop-27-que-se-esta-haciendo-contra-el-cambio-climatico\\\/#breadcrumb\"},\"inLanguage\":\"es\",\"potentialAction\":[{\"@type\":\"ReadAction\",\"target\":[\"https:\\\/\\\/www.ebc.mx\\\/ventana\\\/cop-27-que-se-esta-haciendo-contra-el-cambio-climatico\\\/\"]}]},{\"@type\":\"ImageObject\",\"inLanguage\":\"es\",\"@id\":\"https:\\\/\\\/www.ebc.mx\\\/ventana\\\/cop-27-que-se-esta-haciendo-contra-el-cambio-climatico\\\/#primaryimage\",\"url\":\"https:\\\/\\\/www.ebc.mx\\\/ventana\\\/wp-content\\\/uploads\\\/2023\\\/01\\\/EBC_ene_blog_009_Que_se_esta_haciendo_contra_el_cambio_climatico_001.jpg\",\"contentUrl\":\"https:\\\/\\\/www.ebc.mx\\\/ventana\\\/wp-content\\\/uploads\\\/2023\\\/01\\\/EBC_ene_blog_009_Que_se_esta_haciendo_contra_el_cambio_climatico_001.jpg\",\"width\":842,\"height\":562},{\"@type\":\"BreadcrumbList\",\"@id\":\"https:\\\/\\\/www.ebc.mx\\\/ventana\\\/cop-27-que-se-esta-haciendo-contra-el-cambio-climatico\\\/#breadcrumb\",\"itemListElement\":[{\"@type\":\"ListItem\",\"position\":1,\"name\":\"Inicio\",\"item\":\"https:\\\/\\\/www.ebc.mx\\\/ventana\\\/\"},{\"@type\":\"ListItem\",\"position\":2,\"name\":\"COP 27: \u00bfQu\u00e9 se est\u00e1 haciendo contra el cambio clim\u00e1tico?\"}]},{\"@type\":\"WebSite\",\"@id\":\"https:\\\/\\\/www.ebc.mx\\\/ventana\\\/#website\",\"url\":\"https:\\\/\\\/www.ebc.mx\\\/ventana\\\/\",\"name\":\"Ventana | EBC\",\"description\":\"Portada\",\"potentialAction\":[{\"@type\":\"SearchAction\",\"target\":{\"@type\":\"EntryPoint\",\"urlTemplate\":\"https:\\\/\\\/www.ebc.mx\\\/ventana\\\/?s={search_term_string}\"},\"query-input\":{\"@type\":\"PropertyValueSpecification\",\"valueRequired\":true,\"valueName\":\"search_term_string\"}}],\"inLanguage\":\"es\"},{\"@type\":\"Person\",\"@id\":\"https:\\\/\\\/www.ebc.mx\\\/ventana\\\/#\\\/schema\\\/person\\\/dc331c773f36c11849cdc1fd25ba5904\",\"name\":\"Administrador\",\"image\":{\"@type\":\"ImageObject\",\"inLanguage\":\"es\",\"@id\":\"https:\\\/\\\/secure.gravatar.com\\\/avatar\\\/38258782bd8fbeae4fb46409ef1819544da0d3c58a695848bb3b550421c49034?s=96&d=blank&r=g\",\"url\":\"https:\\\/\\\/secure.gravatar.com\\\/avatar\\\/38258782bd8fbeae4fb46409ef1819544da0d3c58a695848bb3b550421c49034?s=96&d=blank&r=g\",\"contentUrl\":\"https:\\\/\\\/secure.gravatar.com\\\/avatar\\\/38258782bd8fbeae4fb46409ef1819544da0d3c58a695848bb3b550421c49034?s=96&d=blank&r=g\",\"caption\":\"Administrador\"},\"sameAs\":[\"https:\\\/\\\/x.com\\\/sauljaimesmx@gmail.com\"],\"url\":\"https:\\\/\\\/www.ebc.mx\\\/ventana\\\/author\\\/4dm1nv3ntan42023\\\/\"}]}<\/script>\n<!-- \/ Yoast SEO plugin. -->","yoast_head_json":{"title":"COP 27: \u00bfQu\u00e9 se est\u00e1 haciendo contra el cambio clim\u00e1tico? - Ventana | EBC","description":"Conoce todos los detalles de la COP 27, de las acciones que est\u00e1n haciendo los pa\u00edses contra el cambio clim\u00e1tico y c\u00f3mo podemos colaborar.","robots":{"index":"index","follow":"follow","max-snippet":"max-snippet:-1","max-image-preview":"max-image-preview:large","max-video-preview":"max-video-preview:-1"},"canonical":"https:\/\/www.ebc.mx\/ventana\/cop-27-que-se-esta-haciendo-contra-el-cambio-climatico\/","og_locale":"es_MX","og_type":"article","og_title":"COP 27: \u00bfQu\u00e9 se est\u00e1 haciendo contra el cambio clim\u00e1tico? - Ventana | EBC","og_description":"Conoce todos los detalles de la COP 27, de las acciones que est\u00e1n haciendo los pa\u00edses contra el cambio clim\u00e1tico y c\u00f3mo podemos colaborar.","og_url":"https:\/\/www.ebc.mx\/ventana\/cop-27-que-se-esta-haciendo-contra-el-cambio-climatico\/","og_site_name":"Ventana | EBC","article_published_time":"2023-02-22T04:04:44+00:00","article_modified_time":"2024-04-04T20:44:37+00:00","og_image":[{"width":842,"height":562,"url":"https:\/\/www.ebc.mx\/ventana\/wp-content\/uploads\/2023\/01\/EBC_ene_blog_009_Que_se_esta_haciendo_contra_el_cambio_climatico_001.jpg","type":"image\/jpeg"}],"author":"Administrador","twitter_card":"summary_large_image","twitter_creator":"@sauljaimesmx@gmail.com","twitter_misc":{"Escrito por":"Administrador","Tiempo de lectura":"6 minutos"},"schema":{"@context":"https:\/\/schema.org","@graph":[{"@type":"Article","@id":"https:\/\/www.ebc.mx\/ventana\/cop-27-que-se-esta-haciendo-contra-el-cambio-climatico\/#article","isPartOf":{"@id":"https:\/\/www.ebc.mx\/ventana\/cop-27-que-se-esta-haciendo-contra-el-cambio-climatico\/"},"author":{"name":"Administrador","@id":"https:\/\/www.ebc.mx\/ventana\/#\/schema\/person\/dc331c773f36c11849cdc1fd25ba5904"},"headline":"COP 27: \u00bfQu\u00e9 se est\u00e1 haciendo contra el cambio clim\u00e1tico?","datePublished":"2023-02-22T04:04:44+00:00","dateModified":"2024-04-04T20:44:37+00:00","mainEntityOfPage":{"@id":"https:\/\/www.ebc.mx\/ventana\/cop-27-que-se-esta-haciendo-contra-el-cambio-climatico\/"},"wordCount":1393,"image":{"@id":"https:\/\/www.ebc.mx\/ventana\/cop-27-que-se-esta-haciendo-contra-el-cambio-climatico\/#primaryimage"},"thumbnailUrl":"https:\/\/www.ebc.mx\/ventana\/wp-content\/uploads\/2023\/01\/EBC_ene_blog_009_Que_se_esta_haciendo_contra_el_cambio_climatico_001.jpg","keywords":["Cambio clim\u00e1tico","COP27","Huella de Carbono","Responsabilidad social"],"articleSection":["Comunidad+"],"inLanguage":"es"},{"@type":"WebPage","@id":"https:\/\/www.ebc.mx\/ventana\/cop-27-que-se-esta-haciendo-contra-el-cambio-climatico\/","url":"https:\/\/www.ebc.mx\/ventana\/cop-27-que-se-esta-haciendo-contra-el-cambio-climatico\/","name":"COP 27: \u00bfQu\u00e9 se est\u00e1 haciendo contra el cambio clim\u00e1tico? - Ventana | EBC","isPartOf":{"@id":"https:\/\/www.ebc.mx\/ventana\/#website"},"primaryImageOfPage":{"@id":"https:\/\/www.ebc.mx\/ventana\/cop-27-que-se-esta-haciendo-contra-el-cambio-climatico\/#primaryimage"},"image":{"@id":"https:\/\/www.ebc.mx\/ventana\/cop-27-que-se-esta-haciendo-contra-el-cambio-climatico\/#primaryimage"},"thumbnailUrl":"https:\/\/www.ebc.mx\/ventana\/wp-content\/uploads\/2023\/01\/EBC_ene_blog_009_Que_se_esta_haciendo_contra_el_cambio_climatico_001.jpg","datePublished":"2023-02-22T04:04:44+00:00","dateModified":"2024-04-04T20:44:37+00:00","author":{"@id":"https:\/\/www.ebc.mx\/ventana\/#\/schema\/person\/dc331c773f36c11849cdc1fd25ba5904"},"description":"Conoce todos los detalles de la COP 27, de las acciones que est\u00e1n haciendo los pa\u00edses contra el cambio clim\u00e1tico y c\u00f3mo podemos colaborar.","breadcrumb":{"@id":"https:\/\/www.ebc.mx\/ventana\/cop-27-que-se-esta-haciendo-contra-el-cambio-climatico\/#breadcrumb"},"inLanguage":"es","potentialAction":[{"@type":"ReadAction","target":["https:\/\/www.ebc.mx\/ventana\/cop-27-que-se-esta-haciendo-contra-el-cambio-climatico\/"]}]},{"@type":"ImageObject","inLanguage":"es","@id":"https:\/\/www.ebc.mx\/ventana\/cop-27-que-se-esta-haciendo-contra-el-cambio-climatico\/#primaryimage","url":"https:\/\/www.ebc.mx\/ventana\/wp-content\/uploads\/2023\/01\/EBC_ene_blog_009_Que_se_esta_haciendo_contra_el_cambio_climatico_001.jpg","contentUrl":"https:\/\/www.ebc.mx\/ventana\/wp-content\/uploads\/2023\/01\/EBC_ene_blog_009_Que_se_esta_haciendo_contra_el_cambio_climatico_001.jpg","width":842,"height":562},{"@type":"BreadcrumbList","@id":"https:\/\/www.ebc.mx\/ventana\/cop-27-que-se-esta-haciendo-contra-el-cambio-climatico\/#breadcrumb","itemListElement":[{"@type":"ListItem","position":1,"name":"Inicio","item":"https:\/\/www.ebc.mx\/ventana\/"},{"@type":"ListItem","position":2,"name":"COP 27: \u00bfQu\u00e9 se est\u00e1 haciendo contra el cambio clim\u00e1tico?"}]},{"@type":"WebSite","@id":"https:\/\/www.ebc.mx\/ventana\/#website","url":"https:\/\/www.ebc.mx\/ventana\/","name":"Ventana | EBC","description":"Portada","potentialAction":[{"@type":"SearchAction","target":{"@type":"EntryPoint","urlTemplate":"https:\/\/www.ebc.mx\/ventana\/?s={search_term_string}"},"query-input":{"@type":"PropertyValueSpecification","valueRequired":true,"valueName":"search_term_string"}}],"inLanguage":"es"},{"@type":"Person","@id":"https:\/\/www.ebc.mx\/ventana\/#\/schema\/person\/dc331c773f36c11849cdc1fd25ba5904","name":"Administrador","image":{"@type":"ImageObject","inLanguage":"es","@id":"https:\/\/secure.gravatar.com\/avatar\/38258782bd8fbeae4fb46409ef1819544da0d3c58a695848bb3b550421c49034?s=96&d=blank&r=g","url":"https:\/\/secure.gravatar.com\/avatar\/38258782bd8fbeae4fb46409ef1819544da0d3c58a695848bb3b550421c49034?s=96&d=blank&r=g","contentUrl":"https:\/\/secure.gravatar.com\/avatar\/38258782bd8fbeae4fb46409ef1819544da0d3c58a695848bb3b550421c49034?s=96&d=blank&r=g","caption":"Administrador"},"sameAs":["https:\/\/x.com\/sauljaimesmx@gmail.com"],"url":"https:\/\/www.ebc.mx\/ventana\/author\/4dm1nv3ntan42023\/"}]}},"_links":{"self":[{"href":"https:\/\/www.ebc.mx\/ventana\/wp-json\/wp\/v2\/posts\/15676","targetHints":{"allow":["GET"]}}],"collection":[{"href":"https:\/\/www.ebc.mx\/ventana\/wp-json\/wp\/v2\/posts"}],"about":[{"href":"https:\/\/www.ebc.mx\/ventana\/wp-json\/wp\/v2\/types\/post"}],"author":[{"embeddable":true,"href":"https:\/\/www.ebc.mx\/ventana\/wp-json\/wp\/v2\/users\/2"}],"replies":[{"embeddable":true,"href":"https:\/\/www.ebc.mx\/ventana\/wp-json\/wp\/v2\/comments?post=15676"}],"version-history":[{"count":4,"href":"https:\/\/www.ebc.mx\/ventana\/wp-json\/wp\/v2\/posts\/15676\/revisions"}],"predecessor-version":[{"id":16745,"href":"https:\/\/www.ebc.mx\/ventana\/wp-json\/wp\/v2\/posts\/15676\/revisions\/16745"}],"wp:featuredmedia":[{"embeddable":true,"href":"https:\/\/www.ebc.mx\/ventana\/wp-json\/wp\/v2\/media\/15677"}],"wp:attachment":[{"href":"https:\/\/www.ebc.mx\/ventana\/wp-json\/wp\/v2\/media?parent=15676"}],"wp:term":[{"taxonomy":"category","embeddable":true,"href":"https:\/\/www.ebc.mx\/ventana\/wp-json\/wp\/v2\/categories?post=15676"},{"taxonomy":"post_tag","embeddable":true,"href":"https:\/\/www.ebc.mx\/ventana\/wp-json\/wp\/v2\/tags?post=15676"}],"curies":[{"name":"wp","href":"https:\/\/api.w.org\/{rel}","templated":true}]}}