{"id":15508,"date":"2023-07-04T19:26:20","date_gmt":"2023-07-04T19:26:20","guid":{"rendered":"https:\/\/ventana.serviciossube.info\/?p=6499"},"modified":"2024-07-10T11:50:49","modified_gmt":"2024-07-10T17:50:49","slug":"como-construir-una-marca-personal-en-el-mundo-empresarial","status":"publish","type":"post","link":"https:\/\/www.ebc.mx\/ventana\/como-construir-una-marca-personal-en-el-mundo-empresarial\/","title":{"rendered":"Consejos para construir una marca personal en el mundo empresarial"},"content":{"rendered":"<p><strong><span class=\"title_ache_seis\">Tiempo de lectura: 9 minutos<\/span><\/strong><\/p>\n<p style=\"padding-top: 15px;\"><strong>Autor: <\/strong><span style=\"font-weight: 400;\">Redacci\u00f3n Ventana EBC<\/span><\/p>\n<p><span style=\"font-weight: 400;\">Escuela Bancaria y Comercial<\/span><\/p>\n<p style=\"padding-top: 15px;\"><strong>\u00cdndice de contenido<\/strong><\/p>\n<ol>\n<li><a href=\"#l1\">El sello personal<br \/>\n<\/a><\/li>\n<li><a href=\"#l2\">Gu\u00eda para dise\u00f1ar una imagen s\u00f3lida<br \/>\n<\/a><\/li>\n<\/ol>\n<p style=\"padding-top: 30px;\"><span style=\"font-weight: 400; color: #000000; font-size: 12pt;\">Posiblemente, quienes se desenvuelven en el mundo de los negocios o estudian temas relacionados con la mercadotecnia, se han encontrado m\u00e1s de una vez con la personalidad de la empresa, es decir, cuando los clientes interact\u00faan con ella no lo hacen teniendo en mente a un edificio, para ellos, esta tiene tono, valores, formas de comunicaci\u00f3n, filosof\u00eda, se le humaniza. La situaci\u00f3n descrita no debe verse estrictamente a nivel empresa, sucede algo muy similar pero a nivel persona.<\/span><\/p>\n<h3 id=\"l1\"><strong>El sello personal<\/strong><\/h3>\n<p><span style=\"font-weight: 400; font-size: 12pt; color: #000000;\">La marca es la forma en la que una entidad se distingue de la competencia, a trav\u00e9s de los atributos con los que se construye es posible identificar a los productos o servicios que representa, nombre, lema, colores y dise\u00f1o son habituales. Una persona tambi\u00e9n puede diferenciarse del resto al definir de manera concreta qu\u00e9 la caracteriza.<\/span><\/p>\n<p><span style=\"font-weight: 400; font-size: 12pt; color: #000000;\">Los artistas e influenciadores desarrollan su imagen hasta la distribuci\u00f3n de productos a los que prestan su nombre, para tener \u00e9xito, los bienes deben albergar las cualidades a las cuales se vincula al individuo.\u00a0<\/span><\/p>\n<p><span style=\"font-size: 12pt; color: #000000;\"><span style=\"font-weight: 400;\">Sin embargo, para retomar esta pr\u00e1ctica no es indispensable ser famoso, se trata de <\/span><b>contemplar todo aquello por lo que se es \u00fanico, como la forma de relacionarse, actuar, los valores, creencias, el estilo y conocimientos, el conjunto se agrupa y da lugar a una figura congruente: la marca personal<\/b><span style=\"font-weight: 400;\">.\u00a0<\/span><\/span><\/p>\n<p><span style=\"font-size: 12pt; color: #000000;\"><span style=\"font-weight: 400;\">Para aquellos que pretenden el \u00e9xito en las redes sociales, el sello de identidad es valioso, pero tambi\u00e9n para los empresarios y profesionales, pues <\/span><b>les facilita que todo el sector tenga una percepci\u00f3n similar de ellos, les permite generar oportunidades, actuar sobre la reputaci\u00f3n, brinda autoridad, favorece la confianza y apoya el posicionamiento<\/b><span style=\"font-weight: 400;\">.\u00a0<\/span><\/span><\/p>\n<h3 id=\"l2\" style=\"text-align: left;\"><b>Gu\u00eda para dise\u00f1ar una imagen s\u00f3lida<\/b><\/h3>\n<p><span style=\"font-weight: 400; color: #000000; font-size: 12pt;\">La marca personal es una herramienta que no debe edificarse de forma aleatoria o dejar que los espectadores la conformen sin soporte. Hay distintas propuestas para fabricar este sello, la siguiente es una propuesta que contiene varios de los pasos que normalmente se contemplan:\u00a0<\/span><\/p>\n<ol>\n<li style=\"font-weight: 400;\" aria-level=\"1\"><span style=\"color: #000000; font-size: 12pt;\"><b>Autoconocimiento.<\/b><span style=\"font-weight: 400;\"> Descubrirse a uno para poder transmitirlo, es necesario definir y plasmar los valores, gustos, metas, caracter\u00edsticas y planes que integran al individuo.\u00a0\u00a0<\/span><\/span><\/li>\n<li style=\"font-weight: 400;\" aria-level=\"1\"><span style=\"color: #000000; font-size: 12pt;\"><b>\u00bfCu\u00e1l es el objetivo? <\/b><span style=\"font-weight: 400;\">Habr\u00e1 que tener presente para qu\u00e9 se quiere usar la marca en cada uno de los aspectos en los que se propone aplicarla. Cabe recordar que, una vez que se trabaja con ella, hay que ser coherente en todo momento.\u00a0<\/span><\/span><\/li>\n<li style=\"font-weight: 400;\" aria-level=\"1\"><span style=\"color: #000000; font-size: 12pt;\"><b>Identificar al p\u00fablico. <\/b><span style=\"font-weight: 400;\">Antes de dise\u00f1ar una estrategia de comunicaci\u00f3n se debe seleccionar y delimitar a quienes escuchan para comprender qu\u00e9 les interesa, c\u00f3mo se comportan y la manera de hacerles llegar los mensajes.\u00a0<\/span><\/span><\/li>\n<li style=\"font-weight: 400;\" aria-level=\"1\"><span style=\"color: #000000; font-size: 12pt;\"><b>Distinguirse. <\/b><span style=\"font-weight: 400;\">Evidentemente, para ser \u00fanico hay que disponer diferenciadores que permitan tener una clara disimilitud del resto.\u00a0<\/span><\/span><\/li>\n<li style=\"font-weight: 400;\" aria-level=\"1\"><span style=\"color: #000000; font-size: 12pt;\"><b>Crear la imagen. <\/b><span style=\"font-weight: 400;\">Es tiempo de elegir c\u00f3mo dirigirse al segmento, tanto en la forma y tono como las representaciones visuales, aunque, como se ver\u00e1 en un punto posterior, se requiere adaptarse a los consumidores.\u00a0<\/span><\/span><\/li>\n<li style=\"font-weight: 400;\" aria-level=\"1\"><span style=\"color: #000000; font-size: 12pt;\"><b>Poner en marcha una estrategia.<\/b><span style=\"font-weight: 400;\"> Por supuesto, hay que definir el plan de acci\u00f3n para tener presencia y actuar conforme a \u00e9l, uno de los principales campos de actuaci\u00f3n son las redes.\u00a0<\/span><\/span><\/li>\n<li style=\"font-weight: 400;\" aria-level=\"1\"><span style=\"color: #000000; font-size: 12pt;\"><b>Cuidar la reputaci\u00f3n. <\/b><span style=\"font-weight: 400;\">La marca personal debe gestionarse, escuchar lo que se dice y contener las crisis, la coherencia, autenticidad, \u00e9tica y profesionalismo son fundamentales.\u00a0<\/span><\/span><\/li>\n<li style=\"font-weight: 400;\" aria-level=\"1\"><span style=\"color: #000000; font-size: 12pt;\"><b>Redes de contactos. <\/b><span style=\"font-weight: 400;\">Ser \u00fanico no es igual a estar solo, hay que construir un entramado con el cual relacionarse, sostener y favorecer la identidad.\u00a0<\/span><\/span><\/li>\n<li style=\"font-weight: 400;\" aria-level=\"1\"><span style=\"color: #000000; font-size: 12pt;\"><b>Replantear. <\/b><span style=\"font-weight: 400;\">Los seres humanos cambian, maduran con el transcurso de los a\u00f1os, se debe evaluar regularmente si la identidad o las estrategias en las que se desarrolla tienen que modificarse.\u00a0<\/span><\/span><\/li>\n<\/ol>\n<p><span style=\"color: #000000; font-size: 12pt;\"><b>Actualizarse es prioritario, de lo contrario, los p\u00fablicos avanzar\u00e1n dejando atr\u00e1s aquello que no supo progresar<\/b><span style=\"font-weight: 400;\">, es visible en el ambiente art\u00edstico, las figuras del sector infantil no pueden serlo permanentemente, tanto ellos como su audiencia evoluciona.\u00a0<\/span><\/span><\/p>\n<p><span style=\"font-weight: 400; color: #000000; font-size: 12pt;\">Para innovar hay que contar con el material que facilite tomar las decisiones correctas, por eso, en Ventana EBC te compartimos recursos que incrementen tus saberes sobre los negocios, el emprendimiento y los pilares para el buen liderazgo.\u00a0<\/span><\/p>\n<p style=\"text-align: center;\"><span style=\"color: #000000; font-size: 12pt;\"><b>La Escuela Bancaria y Comercial te ayuda a llegar tan lejos como te lo propongas.<\/b><\/span><\/p>\n<p><span style=\"font-weight: 400; font-size: 8pt;\">Fuentes consultadas:<\/span><\/p>\n<p><span style=\"font-weight: 400; font-size: 8pt;\">1. https:\/\/bloo.media\/blog\/que-es-como-construir-potenciar-marca-personal\/<\/span><\/p>\n<p><span style=\"font-weight: 400; font-size: 8pt;\">2. https:\/\/es.godaddy.com\/blog\/que-es-marca-personal-y-como-desarrollarla\/<\/span><\/p>\n<p><span style=\"font-weight: 400; font-size: 8pt;\">3. https:\/\/blog.another.co\/blog\/del-influencer-al-personal-branding.-como-construir-una-marca-personal<\/span><\/p>\n","protected":false},"excerpt":{"rendered":"<p>Tiempo de lectura: 9 minutos Autor: Redacci\u00f3n Ventana EBC Escuela Bancaria y Comercial \u00cdndice de contenido El sello personal Gu\u00eda para dise\u00f1ar una imagen s\u00f3lida Posiblemente, quienes se desenvuelven en el mundo de los negocios o estudian temas relacionados con la mercadotecnia, se han encontrado m\u00e1s de una vez con la personalidad de la empresa,&hellip;<\/p>\n","protected":false},"author":2,"featured_media":15509,"comment_status":"closed","ping_status":"open","sticky":false,"template":"","format":"standard","meta":{"footnotes":""},"categories":[223],"tags":[],"class_list":["post-15508","post","type-post","status-publish","format-standard","has-post-thumbnail","hentry","category-mundo-inc"],"yoast_head":"<!-- This site is optimized with the Yoast SEO plugin v27.3 - https:\/\/yoast.com\/product\/yoast-seo-wordpress\/ -->\n<title>La Marca Personal en el Mundo Empresarial | Ventana EBC<\/title>\n<meta name=\"description\" content=\"Una estructura bien definida y s\u00f3lida que retoma las caracter\u00edsticas individuales para diferenciarse del resto y obtener m\u00e1s oportunidades.\" \/>\n<meta name=\"robots\" content=\"index, follow, max-snippet:-1, max-image-preview:large, max-video-preview:-1\" \/>\n<link rel=\"canonical\" href=\"https:\/\/www.ebc.mx\/ventana\/como-construir-una-marca-personal-en-el-mundo-empresarial\/\" \/>\n<meta property=\"og:locale\" content=\"es_MX\" \/>\n<meta property=\"og:type\" content=\"article\" \/>\n<meta property=\"og:title\" content=\"Dejar huella por ser diferente a los dem\u00e1s\" \/>\n<meta property=\"og:description\" content=\"El sello personal que el p\u00fablico reconoce\" \/>\n<meta property=\"og:url\" content=\"https:\/\/www.ebc.mx\/ventana\/como-construir-una-marca-personal-en-el-mundo-empresarial\/\" \/>\n<meta property=\"og:site_name\" content=\"Ventana | EBC\" \/>\n<meta property=\"article:published_time\" content=\"2023-07-04T19:26:20+00:00\" \/>\n<meta property=\"article:modified_time\" content=\"2024-07-10T17:50:49+00:00\" \/>\n<meta name=\"author\" content=\"Administrador\" \/>\n<meta name=\"twitter:card\" content=\"summary_large_image\" \/>\n<meta name=\"twitter:title\" content=\"Dejar huella por ser diferente a los dem\u00e1s\" \/>\n<meta name=\"twitter:description\" content=\"El sello personal que el p\u00fablico reconoce\" \/>\n<meta name=\"twitter:creator\" content=\"@sauljaimesmx@gmail.com\" \/>\n<meta name=\"twitter:label1\" content=\"Escrito por\" \/>\n\t<meta name=\"twitter:data1\" content=\"Administrador\" \/>\n\t<meta name=\"twitter:label2\" content=\"Tiempo de lectura\" \/>\n\t<meta name=\"twitter:data2\" content=\"4 minutos\" \/>\n<script type=\"application\/ld+json\" class=\"yoast-schema-graph\">{\"@context\":\"https:\\\/\\\/schema.org\",\"@graph\":[{\"@type\":\"Article\",\"@id\":\"https:\\\/\\\/www.ebc.mx\\\/ventana\\\/como-construir-una-marca-personal-en-el-mundo-empresarial\\\/#article\",\"isPartOf\":{\"@id\":\"https:\\\/\\\/www.ebc.mx\\\/ventana\\\/como-construir-una-marca-personal-en-el-mundo-empresarial\\\/\"},\"author\":{\"name\":\"Administrador\",\"@id\":\"https:\\\/\\\/www.ebc.mx\\\/ventana\\\/#\\\/schema\\\/person\\\/dc331c773f36c11849cdc1fd25ba5904\"},\"headline\":\"Consejos para construir una marca personal en el mundo empresarial\",\"datePublished\":\"2023-07-04T19:26:20+00:00\",\"dateModified\":\"2024-07-10T17:50:49+00:00\",\"mainEntityOfPage\":{\"@id\":\"https:\\\/\\\/www.ebc.mx\\\/ventana\\\/como-construir-una-marca-personal-en-el-mundo-empresarial\\\/\"},\"wordCount\":769,\"image\":{\"@id\":\"https:\\\/\\\/www.ebc.mx\\\/ventana\\\/como-construir-una-marca-personal-en-el-mundo-empresarial\\\/#primaryimage\"},\"thumbnailUrl\":\"https:\\\/\\\/www.ebc.mx\\\/ventana\\\/wp-content\\\/uploads\\\/2023\\\/07\\\/P9-1-min.jpg\",\"articleSection\":[\"Mundo Inc\"],\"inLanguage\":\"es\"},{\"@type\":\"WebPage\",\"@id\":\"https:\\\/\\\/www.ebc.mx\\\/ventana\\\/como-construir-una-marca-personal-en-el-mundo-empresarial\\\/\",\"url\":\"https:\\\/\\\/www.ebc.mx\\\/ventana\\\/como-construir-una-marca-personal-en-el-mundo-empresarial\\\/\",\"name\":\"La Marca Personal en el Mundo Empresarial | Ventana EBC\",\"isPartOf\":{\"@id\":\"https:\\\/\\\/www.ebc.mx\\\/ventana\\\/#website\"},\"primaryImageOfPage\":{\"@id\":\"https:\\\/\\\/www.ebc.mx\\\/ventana\\\/como-construir-una-marca-personal-en-el-mundo-empresarial\\\/#primaryimage\"},\"image\":{\"@id\":\"https:\\\/\\\/www.ebc.mx\\\/ventana\\\/como-construir-una-marca-personal-en-el-mundo-empresarial\\\/#primaryimage\"},\"thumbnailUrl\":\"https:\\\/\\\/www.ebc.mx\\\/ventana\\\/wp-content\\\/uploads\\\/2023\\\/07\\\/P9-1-min.jpg\",\"datePublished\":\"2023-07-04T19:26:20+00:00\",\"dateModified\":\"2024-07-10T17:50:49+00:00\",\"author\":{\"@id\":\"https:\\\/\\\/www.ebc.mx\\\/ventana\\\/#\\\/schema\\\/person\\\/dc331c773f36c11849cdc1fd25ba5904\"},\"description\":\"Una estructura bien definida y s\u00f3lida que retoma las caracter\u00edsticas individuales para diferenciarse del resto y obtener m\u00e1s oportunidades.\",\"breadcrumb\":{\"@id\":\"https:\\\/\\\/www.ebc.mx\\\/ventana\\\/como-construir-una-marca-personal-en-el-mundo-empresarial\\\/#breadcrumb\"},\"inLanguage\":\"es\",\"potentialAction\":[{\"@type\":\"ReadAction\",\"target\":[\"https:\\\/\\\/www.ebc.mx\\\/ventana\\\/como-construir-una-marca-personal-en-el-mundo-empresarial\\\/\"]}]},{\"@type\":\"ImageObject\",\"inLanguage\":\"es\",\"@id\":\"https:\\\/\\\/www.ebc.mx\\\/ventana\\\/como-construir-una-marca-personal-en-el-mundo-empresarial\\\/#primaryimage\",\"url\":\"https:\\\/\\\/www.ebc.mx\\\/ventana\\\/wp-content\\\/uploads\\\/2023\\\/07\\\/P9-1-min.jpg\",\"contentUrl\":\"https:\\\/\\\/www.ebc.mx\\\/ventana\\\/wp-content\\\/uploads\\\/2023\\\/07\\\/P9-1-min.jpg\",\"width\":800,\"height\":600,\"caption\":\"C\u00f3mo construir una marca personal en el mundo empresarial\"},{\"@type\":\"BreadcrumbList\",\"@id\":\"https:\\\/\\\/www.ebc.mx\\\/ventana\\\/como-construir-una-marca-personal-en-el-mundo-empresarial\\\/#breadcrumb\",\"itemListElement\":[{\"@type\":\"ListItem\",\"position\":1,\"name\":\"Inicio\",\"item\":\"https:\\\/\\\/www.ebc.mx\\\/ventana\\\/\"},{\"@type\":\"ListItem\",\"position\":2,\"name\":\"Consejos para construir una marca personal en el mundo empresarial\"}]},{\"@type\":\"WebSite\",\"@id\":\"https:\\\/\\\/www.ebc.mx\\\/ventana\\\/#website\",\"url\":\"https:\\\/\\\/www.ebc.mx\\\/ventana\\\/\",\"name\":\"Ventana | EBC\",\"description\":\"Portada\",\"potentialAction\":[{\"@type\":\"SearchAction\",\"target\":{\"@type\":\"EntryPoint\",\"urlTemplate\":\"https:\\\/\\\/www.ebc.mx\\\/ventana\\\/?s={search_term_string}\"},\"query-input\":{\"@type\":\"PropertyValueSpecification\",\"valueRequired\":true,\"valueName\":\"search_term_string\"}}],\"inLanguage\":\"es\"},{\"@type\":\"Person\",\"@id\":\"https:\\\/\\\/www.ebc.mx\\\/ventana\\\/#\\\/schema\\\/person\\\/dc331c773f36c11849cdc1fd25ba5904\",\"name\":\"Administrador\",\"image\":{\"@type\":\"ImageObject\",\"inLanguage\":\"es\",\"@id\":\"https:\\\/\\\/secure.gravatar.com\\\/avatar\\\/38258782bd8fbeae4fb46409ef1819544da0d3c58a695848bb3b550421c49034?s=96&d=blank&r=g\",\"url\":\"https:\\\/\\\/secure.gravatar.com\\\/avatar\\\/38258782bd8fbeae4fb46409ef1819544da0d3c58a695848bb3b550421c49034?s=96&d=blank&r=g\",\"contentUrl\":\"https:\\\/\\\/secure.gravatar.com\\\/avatar\\\/38258782bd8fbeae4fb46409ef1819544da0d3c58a695848bb3b550421c49034?s=96&d=blank&r=g\",\"caption\":\"Administrador\"},\"sameAs\":[\"https:\\\/\\\/x.com\\\/sauljaimesmx@gmail.com\"],\"url\":\"https:\\\/\\\/www.ebc.mx\\\/ventana\\\/author\\\/4dm1nv3ntan42023\\\/\"}]}<\/script>\n<!-- \/ Yoast SEO plugin. -->","yoast_head_json":{"title":"La Marca Personal en el Mundo Empresarial | Ventana EBC","description":"Una estructura bien definida y s\u00f3lida que retoma las caracter\u00edsticas individuales para diferenciarse del resto y obtener m\u00e1s oportunidades.","robots":{"index":"index","follow":"follow","max-snippet":"max-snippet:-1","max-image-preview":"max-image-preview:large","max-video-preview":"max-video-preview:-1"},"canonical":"https:\/\/www.ebc.mx\/ventana\/como-construir-una-marca-personal-en-el-mundo-empresarial\/","og_locale":"es_MX","og_type":"article","og_title":"Dejar huella por ser diferente a los dem\u00e1s","og_description":"El sello personal que el p\u00fablico reconoce","og_url":"https:\/\/www.ebc.mx\/ventana\/como-construir-una-marca-personal-en-el-mundo-empresarial\/","og_site_name":"Ventana | EBC","article_published_time":"2023-07-04T19:26:20+00:00","article_modified_time":"2024-07-10T17:50:49+00:00","author":"Administrador","twitter_card":"summary_large_image","twitter_title":"Dejar huella por ser diferente a los dem\u00e1s","twitter_description":"El sello personal que el p\u00fablico reconoce","twitter_creator":"@sauljaimesmx@gmail.com","twitter_misc":{"Escrito por":"Administrador","Tiempo de lectura":"4 minutos"},"schema":{"@context":"https:\/\/schema.org","@graph":[{"@type":"Article","@id":"https:\/\/www.ebc.mx\/ventana\/como-construir-una-marca-personal-en-el-mundo-empresarial\/#article","isPartOf":{"@id":"https:\/\/www.ebc.mx\/ventana\/como-construir-una-marca-personal-en-el-mundo-empresarial\/"},"author":{"name":"Administrador","@id":"https:\/\/www.ebc.mx\/ventana\/#\/schema\/person\/dc331c773f36c11849cdc1fd25ba5904"},"headline":"Consejos para construir una marca personal en el mundo empresarial","datePublished":"2023-07-04T19:26:20+00:00","dateModified":"2024-07-10T17:50:49+00:00","mainEntityOfPage":{"@id":"https:\/\/www.ebc.mx\/ventana\/como-construir-una-marca-personal-en-el-mundo-empresarial\/"},"wordCount":769,"image":{"@id":"https:\/\/www.ebc.mx\/ventana\/como-construir-una-marca-personal-en-el-mundo-empresarial\/#primaryimage"},"thumbnailUrl":"https:\/\/www.ebc.mx\/ventana\/wp-content\/uploads\/2023\/07\/P9-1-min.jpg","articleSection":["Mundo Inc"],"inLanguage":"es"},{"@type":"WebPage","@id":"https:\/\/www.ebc.mx\/ventana\/como-construir-una-marca-personal-en-el-mundo-empresarial\/","url":"https:\/\/www.ebc.mx\/ventana\/como-construir-una-marca-personal-en-el-mundo-empresarial\/","name":"La Marca Personal en el Mundo Empresarial | Ventana EBC","isPartOf":{"@id":"https:\/\/www.ebc.mx\/ventana\/#website"},"primaryImageOfPage":{"@id":"https:\/\/www.ebc.mx\/ventana\/como-construir-una-marca-personal-en-el-mundo-empresarial\/#primaryimage"},"image":{"@id":"https:\/\/www.ebc.mx\/ventana\/como-construir-una-marca-personal-en-el-mundo-empresarial\/#primaryimage"},"thumbnailUrl":"https:\/\/www.ebc.mx\/ventana\/wp-content\/uploads\/2023\/07\/P9-1-min.jpg","datePublished":"2023-07-04T19:26:20+00:00","dateModified":"2024-07-10T17:50:49+00:00","author":{"@id":"https:\/\/www.ebc.mx\/ventana\/#\/schema\/person\/dc331c773f36c11849cdc1fd25ba5904"},"description":"Una estructura bien definida y s\u00f3lida que retoma las caracter\u00edsticas individuales para diferenciarse del resto y obtener m\u00e1s oportunidades.","breadcrumb":{"@id":"https:\/\/www.ebc.mx\/ventana\/como-construir-una-marca-personal-en-el-mundo-empresarial\/#breadcrumb"},"inLanguage":"es","potentialAction":[{"@type":"ReadAction","target":["https:\/\/www.ebc.mx\/ventana\/como-construir-una-marca-personal-en-el-mundo-empresarial\/"]}]},{"@type":"ImageObject","inLanguage":"es","@id":"https:\/\/www.ebc.mx\/ventana\/como-construir-una-marca-personal-en-el-mundo-empresarial\/#primaryimage","url":"https:\/\/www.ebc.mx\/ventana\/wp-content\/uploads\/2023\/07\/P9-1-min.jpg","contentUrl":"https:\/\/www.ebc.mx\/ventana\/wp-content\/uploads\/2023\/07\/P9-1-min.jpg","width":800,"height":600,"caption":"C\u00f3mo construir una marca personal en el mundo empresarial"},{"@type":"BreadcrumbList","@id":"https:\/\/www.ebc.mx\/ventana\/como-construir-una-marca-personal-en-el-mundo-empresarial\/#breadcrumb","itemListElement":[{"@type":"ListItem","position":1,"name":"Inicio","item":"https:\/\/www.ebc.mx\/ventana\/"},{"@type":"ListItem","position":2,"name":"Consejos para construir una marca personal en el mundo empresarial"}]},{"@type":"WebSite","@id":"https:\/\/www.ebc.mx\/ventana\/#website","url":"https:\/\/www.ebc.mx\/ventana\/","name":"Ventana | EBC","description":"Portada","potentialAction":[{"@type":"SearchAction","target":{"@type":"EntryPoint","urlTemplate":"https:\/\/www.ebc.mx\/ventana\/?s={search_term_string}"},"query-input":{"@type":"PropertyValueSpecification","valueRequired":true,"valueName":"search_term_string"}}],"inLanguage":"es"},{"@type":"Person","@id":"https:\/\/www.ebc.mx\/ventana\/#\/schema\/person\/dc331c773f36c11849cdc1fd25ba5904","name":"Administrador","image":{"@type":"ImageObject","inLanguage":"es","@id":"https:\/\/secure.gravatar.com\/avatar\/38258782bd8fbeae4fb46409ef1819544da0d3c58a695848bb3b550421c49034?s=96&d=blank&r=g","url":"https:\/\/secure.gravatar.com\/avatar\/38258782bd8fbeae4fb46409ef1819544da0d3c58a695848bb3b550421c49034?s=96&d=blank&r=g","contentUrl":"https:\/\/secure.gravatar.com\/avatar\/38258782bd8fbeae4fb46409ef1819544da0d3c58a695848bb3b550421c49034?s=96&d=blank&r=g","caption":"Administrador"},"sameAs":["https:\/\/x.com\/sauljaimesmx@gmail.com"],"url":"https:\/\/www.ebc.mx\/ventana\/author\/4dm1nv3ntan42023\/"}]}},"_links":{"self":[{"href":"https:\/\/www.ebc.mx\/ventana\/wp-json\/wp\/v2\/posts\/15508","targetHints":{"allow":["GET"]}}],"collection":[{"href":"https:\/\/www.ebc.mx\/ventana\/wp-json\/wp\/v2\/posts"}],"about":[{"href":"https:\/\/www.ebc.mx\/ventana\/wp-json\/wp\/v2\/types\/post"}],"author":[{"embeddable":true,"href":"https:\/\/www.ebc.mx\/ventana\/wp-json\/wp\/v2\/users\/2"}],"replies":[{"embeddable":true,"href":"https:\/\/www.ebc.mx\/ventana\/wp-json\/wp\/v2\/comments?post=15508"}],"version-history":[{"count":5,"href":"https:\/\/www.ebc.mx\/ventana\/wp-json\/wp\/v2\/posts\/15508\/revisions"}],"predecessor-version":[{"id":17269,"href":"https:\/\/www.ebc.mx\/ventana\/wp-json\/wp\/v2\/posts\/15508\/revisions\/17269"}],"wp:featuredmedia":[{"embeddable":true,"href":"https:\/\/www.ebc.mx\/ventana\/wp-json\/wp\/v2\/media\/15509"}],"wp:attachment":[{"href":"https:\/\/www.ebc.mx\/ventana\/wp-json\/wp\/v2\/media?parent=15508"}],"wp:term":[{"taxonomy":"category","embeddable":true,"href":"https:\/\/www.ebc.mx\/ventana\/wp-json\/wp\/v2\/categories?post=15508"},{"taxonomy":"post_tag","embeddable":true,"href":"https:\/\/www.ebc.mx\/ventana\/wp-json\/wp\/v2\/tags?post=15508"}],"curies":[{"name":"wp","href":"https:\/\/api.w.org\/{rel}","templated":true}]}}